{"id":5016,"date":"2014-04-22T09:30:41","date_gmt":"2014-04-22T12:30:41","guid":{"rendered":"http:\/\/www.sincomam.org.br\/?p=5016"},"modified":"2014-04-22T10:02:15","modified_gmt":"2014-04-22T13:02:15","slug":"marinha-resgata-tripulante-de-navio-mercante-alemao-no-litoral-do-rs","status":"publish","type":"post","link":"https:\/\/www.sincomam.org.br\/index.php\/marinha-resgata-tripulante-de-navio-mercante-alemao-no-litoral-do-rs\/","title":{"rendered":"Marinha resgata tripulante de navio mercante alem\u00e3o no Litoral do RS"},"content":{"rendered":"<p><strong><em>Embarca\u00e7\u00e3o emitiu solicita\u00e7\u00e3o de Evacua\u00e7\u00e3o Aerom\u00e9dica na costa ga\u00facha<\/em><\/strong><\/p>\n<p>Um alem\u00e3o de 30 anos, tripulante de um navio mercante do pa\u00eds europeu, foi resgatado na tarde desta segunda-feira (21) da embarca\u00e7\u00e3o pelo Servi\u00e7o de Busca e Salvamento da Marinha do Brasil no Rio Grande do Sul. Segundo informa\u00e7\u00f5es da corpora\u00e7\u00e3o, o navio estava a 62 milhas n\u00e1uticas da cidade de Tramanda\u00ed, no Litoral Norte ga\u00facho, quando o homem apresentou sintomas de apendicite.<\/p>\n<p>Por volta das 11h, a Marinha recebeu uma solicita\u00e7\u00e3o para Evacua\u00e7\u00e3o Aerom\u00e9dica (EVAM) da embarca\u00e7\u00e3o. Cerca de uma hora e meia mais tarde, uma aeronave do Quinto Esquadr\u00e3o de Helic\u00f3ptero de Emprego Geral foi encaminhada em dire\u00e7\u00e3o ao navio.<\/p>\n<p>O homem foi resgatado e o levou at\u00e9 a \u00c1rea do Pouso Administrativa do Quinto Distrito Naval, em Rio Grande, no Sul do estado, onde chegou por volta das 15h, e foi encaminhado ao hospital do munic\u00edpio. Mais tarde, foi transferido para o Hospital do Cora\u00e7\u00e3o do Complexo Santa Casa de Rio Grande. Por volta das 17h30, ele seguia internado no local. A institui\u00e7\u00e3o n\u00e3o informou seu estado de sa\u00fade.<\/p>\n<p>O Brasil faz parte de um acordo internacional que garante socorro a embarca\u00e7\u00f5es que naveguem em sua \u00e1rea de jurisdi\u00e7\u00e3o. O navio seguiu o trajeto at\u00e9 o porto de Buenos Aires, na Argentina.<\/p>\n<p>Fonte: G1 \u2013 Rio Grande do Sul &#8211;\u00a0Foto: Helic\u00f3ptero de resgate da Marinha do Brasil<\/p>\n<p>&nbsp;<\/p>\n<p><b><i>\u00a0<\/i><\/b><\/p>\n<p>&nbsp;<\/p>\n","protected":false},"excerpt":{"rendered":"<p>Embarca\u00e7\u00e3o emitiu solicita\u00e7\u00e3o de Evacua\u00e7\u00e3o Aerom\u00e9dica na costa ga\u00facha Um alem\u00e3o de 30 anos, tripulante de um navio mercante do pa\u00eds europeu, foi resgatado na&#8230;<\/p>\n","protected":false},"author":1182,"featured_media":3329,"comment_status":"closed","ping_status":"closed","sticky":false,"template":"","format":"standard","meta":{"footnotes":""},"categories":[6],"tags":[979,15,567,47,394,978],"class_list":["post-5016","post","type-post","status-publish","format-standard","has-post-thumbnail","hentry","category-noticias","tag-alemao","tag-marinha","tag-mercante","tag-navio","tag-resgate","tag-tripulante"],"_links":{"self":[{"href":"https:\/\/www.sincomam.org.br\/index.php\/wp-json\/wp\/v2\/posts\/5016","targetHints":{"allow":["GET"]}}],"collection":[{"href":"https:\/\/www.sincomam.org.br\/index.php\/wp-json\/wp\/v2\/posts"}],"about":[{"href":"https:\/\/www.sincomam.org.br\/index.php\/wp-json\/wp\/v2\/types\/post"}],"author":[{"embeddable":true,"href":"https:\/\/www.sincomam.org.br\/index.php\/wp-json\/wp\/v2\/users\/1182"}],"replies":[{"embeddable":true,"href":"https:\/\/www.sincomam.org.br\/index.php\/wp-json\/wp\/v2\/comments?post=5016"}],"version-history":[{"count":2,"href":"https:\/\/www.sincomam.org.br\/index.php\/wp-json\/wp\/v2\/posts\/5016\/revisions"}],"predecessor-version":[{"id":5018,"href":"https:\/\/www.sincomam.org.br\/index.php\/wp-json\/wp\/v2\/posts\/5016\/revisions\/5018"}],"wp:featuredmedia":[{"embeddable":true,"href":"https:\/\/www.sincomam.org.br\/index.php\/wp-json\/wp\/v2\/media\/3329"}],"wp:attachment":[{"href":"https:\/\/www.sincomam.org.br\/index.php\/wp-json\/wp\/v2\/media?parent=5016"}],"wp:term":[{"taxonomy":"category","embeddable":true,"href":"https:\/\/www.sincomam.org.br\/index.php\/wp-json\/wp\/v2\/categories?post=5016"},{"taxonomy":"post_tag","embeddable":true,"href":"https:\/\/www.sincomam.org.br\/index.php\/wp-json\/wp\/v2\/tags?post=5016"}],"curies":[{"name":"wp","href":"https:\/\/api.w.org\/{rel}","templated":true}]}}