{"id":50125,"date":"2024-02-29T08:32:27","date_gmt":"2024-02-29T11:32:27","guid":{"rendered":"http:\/\/www.sincomam.org.br\/?p=50125"},"modified":"2024-02-29T08:32:27","modified_gmt":"2024-02-29T11:32:27","slug":"financiamentos-climaticos-devem-aumentar-ate-2030-diz-banco-mundial","status":"publish","type":"post","link":"https:\/\/www.sincomam.org.br\/index.php\/financiamentos-climaticos-devem-aumentar-ate-2030-diz-banco-mundial\/","title":{"rendered":"Financiamentos clim\u00e1ticos devem aumentar at\u00e9 2030, diz Banco Mundial"},"content":{"rendered":"<p>O presidente do Banco Mundial, Ajay Banga, disse na tarde de hoje (28), em S\u00e3o Paulo, que at\u00e9 2030, 45% dos financiamentos da institui\u00e7\u00e3o ser\u00e3o direcionados para iniciativas clim\u00e1ticas. A afirma\u00e7\u00e3o foi feita na abertura do evento Inova\u00e7\u00e3o Financeira para o Clima e Desenvolvimento, promovido pelo Banco Interamericano de Desenvolvimento (BID), que est\u00e1 sendo realizado no Audit\u00f3rio Ibirapuera, em S\u00e3o Paulo, paralelo \u00e0 reuni\u00e3o ministerial do G20.<img decoding=\"async\" src=\"https:\/\/agenciabrasil.ebc.com.br\/ebc.png?id=1583429&amp;o=node\" \/><img decoding=\"async\" src=\"https:\/\/agenciabrasil.ebc.com.br\/ebc.gif?id=1583429&amp;o=node\" \/><\/p>\n<p>Segundo ele, esses financiamentos ser\u00e3o divididos entre a\u00e7\u00f5es de mitiga\u00e7\u00e3o e de adapta\u00e7\u00e3o. &#8220;Ambos representam despesas com desenvolvimento. Mas geralmente as pessoas n\u00e3o entendem a import\u00e2ncia de sermos igualmente conscientes sobre mitiga\u00e7\u00e3o e adapta\u00e7\u00e3o. Ent\u00e3o, o Banco Mundial v\u00ea as duas coisas como importantes&#8221;, disse ele.<\/p>\n<p>Tamb\u00e9m na abertura deste evento, a diretora-geral do Fundo Monet\u00e1rio Internacional (FMI), Kristalina Georgieva,\u00a0considerou que o mundo tem avan\u00e7ado\u00a0em ritmo lento nas a\u00e7\u00f5es de enfrentamento \u00e0 crise clim\u00e1tica.<\/p>\n<p>\u201cTemos que admitir que fomos lentos em rela\u00e7\u00e3o \u00e0s mudan\u00e7as clim\u00e1ticas e ainda estamos desperdi\u00e7ando dinheiro com atividades que criam esses problemas\u201d, disse ela. \u201cEsta deve ser uma prioridade porque os eventos clim\u00e1ticos v\u00e3o impactar o desempenho das economias e os neg\u00f3cios e afetar o bem estar das pessoas\u201d, acrescentou.<\/p>\n<p>Fonte: Ag\u00eancia Brasil<\/p>\n","protected":false},"excerpt":{"rendered":"<p>O presidente do Banco Mundial, Ajay Banga, disse na tarde de hoje (28), em S\u00e3o Paulo, que at\u00e9 2030, 45% dos financiamentos da institui\u00e7\u00e3o ser\u00e3o&#8230;<\/p>\n","protected":false},"author":1527,"featured_media":50126,"comment_status":"closed","ping_status":"closed","sticky":false,"template":"","format":"standard","meta":{"footnotes":""},"categories":[6],"tags":[],"class_list":["post-50125","post","type-post","status-publish","format-standard","has-post-thumbnail","hentry","category-noticias"],"_links":{"self":[{"href":"https:\/\/www.sincomam.org.br\/index.php\/wp-json\/wp\/v2\/posts\/50125","targetHints":{"allow":["GET"]}}],"collection":[{"href":"https:\/\/www.sincomam.org.br\/index.php\/wp-json\/wp\/v2\/posts"}],"about":[{"href":"https:\/\/www.sincomam.org.br\/index.php\/wp-json\/wp\/v2\/types\/post"}],"author":[{"embeddable":true,"href":"https:\/\/www.sincomam.org.br\/index.php\/wp-json\/wp\/v2\/users\/1527"}],"replies":[{"embeddable":true,"href":"https:\/\/www.sincomam.org.br\/index.php\/wp-json\/wp\/v2\/comments?post=50125"}],"version-history":[{"count":1,"href":"https:\/\/www.sincomam.org.br\/index.php\/wp-json\/wp\/v2\/posts\/50125\/revisions"}],"predecessor-version":[{"id":50127,"href":"https:\/\/www.sincomam.org.br\/index.php\/wp-json\/wp\/v2\/posts\/50125\/revisions\/50127"}],"wp:featuredmedia":[{"embeddable":true,"href":"https:\/\/www.sincomam.org.br\/index.php\/wp-json\/wp\/v2\/media\/50126"}],"wp:attachment":[{"href":"https:\/\/www.sincomam.org.br\/index.php\/wp-json\/wp\/v2\/media?parent=50125"}],"wp:term":[{"taxonomy":"category","embeddable":true,"href":"https:\/\/www.sincomam.org.br\/index.php\/wp-json\/wp\/v2\/categories?post=50125"},{"taxonomy":"post_tag","embeddable":true,"href":"https:\/\/www.sincomam.org.br\/index.php\/wp-json\/wp\/v2\/tags?post=50125"}],"curies":[{"name":"wp","href":"https:\/\/api.w.org\/{rel}","templated":true}]}}