{"id":50122,"date":"2024-02-29T08:26:46","date_gmt":"2024-02-29T11:26:46","guid":{"rendered":"http:\/\/www.sincomam.org.br\/?p=50122"},"modified":"2024-02-29T08:30:30","modified_gmt":"2024-02-29T11:30:30","slug":"taxar-super-ricos-ja-tem-apoio-de-alguns-paises-europeus-diz-durigan","status":"publish","type":"post","link":"https:\/\/www.sincomam.org.br\/index.php\/taxar-super-ricos-ja-tem-apoio-de-alguns-paises-europeus-diz-durigan\/","title":{"rendered":"Taxar super-ricos j\u00e1 tem apoio de alguns pa\u00edses europeus, diz Durigan"},"content":{"rendered":"<p>O secret\u00e1rio-executivo do Minist\u00e9rio da Fazenda, Dario Durigan, afirmou que a proposta de taxa\u00e7\u00e3o dos super-ricos, apresentada nesta quarta-feira\u00a0(28) pelo Brasil ao G20, ainda dever\u00e1 ser estudada, mas j\u00e1 conta com apoio de alguns pa\u00edses europeus.<img decoding=\"async\" src=\"https:\/\/agenciabrasil.ebc.com.br\/ebc.png?id=1583441&amp;o=node\" \/><img decoding=\"async\" src=\"https:\/\/agenciabrasil.ebc.com.br\/ebc.gif?id=1583441&amp;o=node\" \/><\/p>\n<p>\u201cEsse debate, que nasce hoje, deve frutificar e gerar di\u00e1logos\u201d, disse. \u201cClaro que pode ter uma rea\u00e7\u00e3o [contr\u00e1ria], mas pelo que a gente j\u00e1 conversou nas bilaterais, os pa\u00edses europeus j\u00e1 nos apoiam em linhas gerais com essa proposta\u201d, acrescentou.<\/p>\n<p>Na\u00a0abertura da 1\u00aa Reuni\u00e3o de Ministros de Finan\u00e7as e Presidentes de Bancos Centrais da Trilha de Finan\u00e7as do G20 no Brasil, o ministro da Fazenda, Fernando Haddad, prop\u00f4s que as na\u00e7\u00f5es\u00a0de todo o mundo se unam para\u00a0taxar as grandes fortunas. \u201cPrecisamos fazer com que os bilion\u00e1rios do mundo paguem a sua justa contribui\u00e7\u00e3o em impostos. Al\u00e9m de buscar avan\u00e7ar as negocia\u00e7\u00f5es em andamento na OCDE [Organiza\u00e7\u00e3o para a Coopera\u00e7\u00e3o e Desenvolvimento Econ\u00f4mico] e ONU [Organiza\u00e7\u00e3o das Na\u00e7\u00f5es Unidas], acreditamos que uma tributa\u00e7\u00e3o m\u00ednima global sobre a riqueza poder\u00e1 constituir um terceiro pilar da coopera\u00e7\u00e3o tribut\u00e1ria internacional\u201d, defendeu.<\/p>\n<p>Em um dos intervalos do evento, realizado no Pavilh\u00e3o da Bienal, no Parque Ibirapuera, em S\u00e3o Paulo, Durigan afirmou que a proposta do Brasil visa a eliminar privil\u00e9gios e corrigir distor\u00e7\u00f5es.\u00a0\u201cO mundo precisa se coordenar. Um dos mecanismos, que nasce de um consenso, \u00e9 que o mundo precisa se financiar. Existe esse diagn\u00f3stico&#8221;, disse. &#8220;Temos que come\u00e7ar de uma maneira simplificada\u201d, destacou.<\/p>\n<p>\u201cSabemos que \u00e9 um momento geopol\u00edtico tenso. No nosso ponto de vista, presidindo a trilha financeira, nos importa fazer um foco no que \u00e9 importante para a economia. E isso tem um consenso grande. A discuss\u00e3o da desigualdade foi toda refletida nos di\u00e1logos de hoje. A discuss\u00e3o da transforma\u00e7\u00e3o ecol\u00f3gica: o mundo precisa disso. A transforma\u00e7\u00e3o ecol\u00f3gica \u00e9 a pauta de desenvolvimento. E o Brasil tem uma oportunidade \u00fanica nesse momento\u201d, acrescentou.<\/p>\n<p>&nbsp;<\/p>\n<p>Fonte: Ag\u00eancia Brasil<\/p>\n","protected":false},"excerpt":{"rendered":"<p>O secret\u00e1rio-executivo do Minist\u00e9rio da Fazenda, Dario Durigan, afirmou que a proposta de taxa\u00e7\u00e3o dos super-ricos, apresentada nesta quarta-feira\u00a0(28) pelo Brasil ao G20, ainda dever\u00e1&#8230;<\/p>\n","protected":false},"author":1527,"featured_media":50123,"comment_status":"closed","ping_status":"closed","sticky":false,"template":"","format":"standard","meta":{"footnotes":""},"categories":[6],"tags":[],"class_list":["post-50122","post","type-post","status-publish","format-standard","has-post-thumbnail","hentry","category-noticias"],"_links":{"self":[{"href":"https:\/\/www.sincomam.org.br\/index.php\/wp-json\/wp\/v2\/posts\/50122","targetHints":{"allow":["GET"]}}],"collection":[{"href":"https:\/\/www.sincomam.org.br\/index.php\/wp-json\/wp\/v2\/posts"}],"about":[{"href":"https:\/\/www.sincomam.org.br\/index.php\/wp-json\/wp\/v2\/types\/post"}],"author":[{"embeddable":true,"href":"https:\/\/www.sincomam.org.br\/index.php\/wp-json\/wp\/v2\/users\/1527"}],"replies":[{"embeddable":true,"href":"https:\/\/www.sincomam.org.br\/index.php\/wp-json\/wp\/v2\/comments?post=50122"}],"version-history":[{"count":1,"href":"https:\/\/www.sincomam.org.br\/index.php\/wp-json\/wp\/v2\/posts\/50122\/revisions"}],"predecessor-version":[{"id":50124,"href":"https:\/\/www.sincomam.org.br\/index.php\/wp-json\/wp\/v2\/posts\/50122\/revisions\/50124"}],"wp:featuredmedia":[{"embeddable":true,"href":"https:\/\/www.sincomam.org.br\/index.php\/wp-json\/wp\/v2\/media\/50123"}],"wp:attachment":[{"href":"https:\/\/www.sincomam.org.br\/index.php\/wp-json\/wp\/v2\/media?parent=50122"}],"wp:term":[{"taxonomy":"category","embeddable":true,"href":"https:\/\/www.sincomam.org.br\/index.php\/wp-json\/wp\/v2\/categories?post=50122"},{"taxonomy":"post_tag","embeddable":true,"href":"https:\/\/www.sincomam.org.br\/index.php\/wp-json\/wp\/v2\/tags?post=50122"}],"curies":[{"name":"wp","href":"https:\/\/api.w.org\/{rel}","templated":true}]}}