{"id":50116,"date":"2024-02-29T08:22:46","date_gmt":"2024-02-29T11:22:46","guid":{"rendered":"http:\/\/www.sincomam.org.br\/?p=50116"},"modified":"2024-02-29T08:22:46","modified_gmt":"2024-02-29T11:22:46","slug":"salvador-epicentro-das-discussoes-sobre-a-economia-do-mar-e-o-desenvolvimento-sustentavel-da-amazonia-azul","status":"publish","type":"post","link":"https:\/\/www.sincomam.org.br\/index.php\/salvador-epicentro-das-discussoes-sobre-a-economia-do-mar-e-o-desenvolvimento-sustentavel-da-amazonia-azul\/","title":{"rendered":"Salvador: Epicentro das Discuss\u00f5es sobre a Economia do Mar e o Desenvolvimento Sustent\u00e1vel da Amaz\u00f4nia Azul"},"content":{"rendered":"<p>No cora\u00e7\u00e3o de Salvador, a\u00a0Marinha do Brasil\u00a0em parceria com a\u00a0Associa\u00e7\u00e3o Comercial da Bahia (ACB), realizou dois encontros fundamentais que colocaram em destaque a\u00a0Amaz\u00f4nia Azul\u00a0e a\u00a0Economia do Mar, temas de vital import\u00e2ncia para o desenvolvimento sustent\u00e1vel e a soberania nacional. No dia 26 de fevereiro, o audit\u00f3rio do Navio de Pesquisa Hidroceanogr\u00e1fico (NPqHo) \u201cVital de Oliveira\u201d foi o cen\u00e1rio para uma s\u00e9rie de palestras que abordaram desde o potencial econ\u00f4mico mar\u00edtimo da Bahia at\u00e9 as riquezas inexploradas da Ba\u00eda de Todos-os-Santos.<\/p>\n<p><strong>Enriquecimento do Di\u00e1logo Sobre os Mares<\/strong><\/p>\n<p>A jornada de conhecimento iniciou-se com uma palestra ministrada pelo Comandante do 2\u00ba Distrito Naval, Vice-Almirante Antonio Carlos Cambra, focada na\u00a0\u201cEconomia do Mar e a Bahia\u201d, que explorou as conex\u00f5es entre as atividades mar\u00edtimas e o crescimento econ\u00f4mico regional. Em seguida, Eduardo Athayde, presidente da Comiss\u00e3o de Economia do Mar da ACB, delimitou as\u00a0potencialidades da Ba\u00eda de Todos-os-Santos, destacando as oportunidades para investimentos sustent\u00e1veis e inova\u00e7\u00e3o na gest\u00e3o dos recursos marinhos. Os debates envolveram parlamentares, a comunidade n\u00e1utica, empres\u00e1rios e outros stakeholders, refletindo o amplo interesse e a diversidade de perspectivas sobre o tema.<\/p>\n<p>No mesmo dia, a discuss\u00e3o continuou na sede da ACB, onde o Comandante do NPqHo \u201cVital de Oliveira\u201d, Capit\u00e3o de Fragata Leandro dos Santos Novaes, apresentou as\u00a0capacidades do navio\u00a0e a relev\u00e2ncia das\u00a0pesquisas cient\u00edficas e levantamentos hidrogr\u00e1ficos\u00a0realizados na Amaz\u00f4nia Azul. Esta apresenta\u00e7\u00e3o destacou o papel essencial da pesquisa e da tecnologia na explora\u00e7\u00e3o respons\u00e1vel e no aproveitamento dos recursos mar\u00edtimos, apontando para um futuro onde a sustentabilidade e o conhecimento cient\u00edfico guiam as pol\u00edticas de desenvolvimento mar\u00edtimo.<\/p>\n<p><strong>Legisla\u00e7\u00e3o e Pol\u00edtica: Rumo a um Futuro Sustent\u00e1vel<\/strong><\/p>\n<p>Entre os convidados, destacou-se a presen\u00e7a do Deputado Estadual Eduardo Salles, autor do Projeto de Lei n\u00ba 25.085, que visa estabelecer a\u00a0Pol\u00edtica Estadual de Incentivo \u00e0 Economia do Mar. Esta iniciativa legislativa simboliza um passo significativo para a cria\u00e7\u00e3o de um ambiente favor\u00e1vel ao desenvolvimento de atividades econ\u00f4micas mar\u00edtimas, refor\u00e7ando a posi\u00e7\u00e3o da Bahia como um l\u00edder nacional na explora\u00e7\u00e3o sustent\u00e1vel dos recursos marinhos.<\/p>\n<p><strong>Navegando Rumo ao Desenvolvimento Sustent\u00e1vel<\/strong><\/p>\n<p>Os eventos em Salvador refor\u00e7am a urg\u00eancia e a import\u00e2ncia de integrar a\u00a0Economia do Mar\u00a0na agenda de desenvolvimento nacional. Eles oferecem uma vis\u00e3o inspiradora do que pode ser alcan\u00e7ado atrav\u00e9s da colabora\u00e7\u00e3o entre o setor p\u00fablico, privado e a academia, na explora\u00e7\u00e3o e prote\u00e7\u00e3o dos recursos marinhos. A \u00eanfase na pesquisa, inova\u00e7\u00e3o e sustentabilidade aponta para um futuro promissor, onde o Brasil pode n\u00e3o apenas garantir sua soberania sobre a Amaz\u00f4nia Azul, mas tamb\u00e9m liderar globalmente na gest\u00e3o respons\u00e1vel dos oceanos.<\/p>\n<p>Fonte: Defesa em Foco<\/p>\n","protected":false},"excerpt":{"rendered":"<p>No cora\u00e7\u00e3o de Salvador, a\u00a0Marinha do Brasil\u00a0em parceria com a\u00a0Associa\u00e7\u00e3o Comercial da Bahia (ACB), realizou dois encontros fundamentais que colocaram em destaque a\u00a0Amaz\u00f4nia Azul\u00a0e a\u00a0Economia&#8230;<\/p>\n","protected":false},"author":1527,"featured_media":50117,"comment_status":"closed","ping_status":"closed","sticky":false,"template":"","format":"standard","meta":{"footnotes":""},"categories":[6],"tags":[],"class_list":["post-50116","post","type-post","status-publish","format-standard","has-post-thumbnail","hentry","category-noticias"],"_links":{"self":[{"href":"https:\/\/www.sincomam.org.br\/index.php\/wp-json\/wp\/v2\/posts\/50116","targetHints":{"allow":["GET"]}}],"collection":[{"href":"https:\/\/www.sincomam.org.br\/index.php\/wp-json\/wp\/v2\/posts"}],"about":[{"href":"https:\/\/www.sincomam.org.br\/index.php\/wp-json\/wp\/v2\/types\/post"}],"author":[{"embeddable":true,"href":"https:\/\/www.sincomam.org.br\/index.php\/wp-json\/wp\/v2\/users\/1527"}],"replies":[{"embeddable":true,"href":"https:\/\/www.sincomam.org.br\/index.php\/wp-json\/wp\/v2\/comments?post=50116"}],"version-history":[{"count":1,"href":"https:\/\/www.sincomam.org.br\/index.php\/wp-json\/wp\/v2\/posts\/50116\/revisions"}],"predecessor-version":[{"id":50118,"href":"https:\/\/www.sincomam.org.br\/index.php\/wp-json\/wp\/v2\/posts\/50116\/revisions\/50118"}],"wp:featuredmedia":[{"embeddable":true,"href":"https:\/\/www.sincomam.org.br\/index.php\/wp-json\/wp\/v2\/media\/50117"}],"wp:attachment":[{"href":"https:\/\/www.sincomam.org.br\/index.php\/wp-json\/wp\/v2\/media?parent=50116"}],"wp:term":[{"taxonomy":"category","embeddable":true,"href":"https:\/\/www.sincomam.org.br\/index.php\/wp-json\/wp\/v2\/categories?post=50116"},{"taxonomy":"post_tag","embeddable":true,"href":"https:\/\/www.sincomam.org.br\/index.php\/wp-json\/wp\/v2\/tags?post=50116"}],"curies":[{"name":"wp","href":"https:\/\/api.w.org\/{rel}","templated":true}]}}