{"id":5010,"date":"2014-04-23T08:00:45","date_gmt":"2014-04-23T11:00:45","guid":{"rendered":"http:\/\/www.sincomam.org.br\/?p=5010"},"modified":"2014-04-22T15:22:15","modified_gmt":"2014-04-22T18:22:15","slug":"em-3-anos-brasil-importou-us-141-bi-em-pecas-e-embarcacoes","status":"publish","type":"post","link":"https:\/\/www.sincomam.org.br\/index.php\/em-3-anos-brasil-importou-us-141-bi-em-pecas-e-embarcacoes\/","title":{"rendered":"Em 3 anos, Brasil importou US$ 141 bi em pe\u00e7as e embarca\u00e7\u00f5es"},"content":{"rendered":"<p>A Associa\u00e7\u00e3o Brasileira da Ind\u00fastria de M\u00e1quinas e Equipamentos (Abimaq) indica que, nos \u00faltimos tr\u00eas anos, o Pa\u00eds importou mais de US$ 141 bilh\u00f5es em m\u00e1quinas, pe\u00e7as e embarca\u00e7\u00f5es. Os dados, referente \u00e0 importa\u00e7\u00f5es beneficiadas pelo regime especial de tributa\u00e7\u00e3o (Repetro), s\u00e3o da Receita Federal, e foram obtidos por meio da Lei de Acesso a Informa\u00e7\u00e3o.<\/p>\n<p>Segundo o levantamento, somente em 2013, foram investidos US$ 35 bilh\u00f5es, em embarca\u00e7\u00f5es, entre navios de apoio e plataformas para o mercado de \u00f3leo e g\u00e1s offshore. As importa\u00e7\u00f5es, na avalia\u00e7\u00e3o do presidente executivo da Abimaq, Jos\u00e9 Velloso, refor\u00e7am as cr\u00edticas de que a pol\u00edtica de conte\u00fado local \u00e9 limitada no Pa\u00eds.<\/p>\n<p><b>Apropria\u00e7\u00e3o<\/b><\/p>\n<p>&#8220;O estaleiro se apropriou de todos os benef\u00edcios concedidos, ampliou a margem de lucro e n\u00e3o repassou os benef\u00edcios para a cadeia local&#8221;, questiona Velloso. Apesar de os investimentos da Petrobras em explora\u00e7\u00e3o e produ\u00e7\u00e3o terem crescido mais de 509%, em dez anos, a ind\u00fastria local de pe\u00e7as e equipamentos navais viu menos de um d\u00e9cimo desse montante, com alta de apenas 41% na sua produ\u00e7\u00e3o. O levantamento Abimaq tem como base a produ\u00e7\u00e3o de suas 6.800 empresas associadas no per\u00edodo entre 2003 e 2013.<\/p>\n<p>&#8220;Os n\u00fameros indicam que o conte\u00fado local fica restrito a soldas de chapa e pintura, mas o recheio dos navios, que gera valor agregado, \u00e9 importado. S\u00f3 temos uma ind\u00fastria de casco&#8221;, avalia Jos\u00e9 Velloso. Segundo ele, os estaleiros n\u00e3o repassam aos demais elos da ind\u00fastria naval os benef\u00edcios, como isen\u00e7\u00f5es fiscais, cr\u00e9dito do BNDES e do Fundo de Marinha Mercante, entre outros. &#8220;Para cada emprego que o estaleiro cria, poder\u00edamos criar outros dez&#8221;.<\/p>\n<p><b>Bens de capital<\/b><\/p>\n<p>Nos \u00faltimos dez anos, o setor viu cair sua participa\u00e7\u00e3o na produ\u00e7\u00e3o de bens de capital de 19%, para 5%, em rela\u00e7\u00e3o aos investimentos da Petrobras em \u00f3leo e g\u00e1s. &#8220;Isso considerando tamb\u00e9m os gastos com manuten\u00e7\u00e3o dos equipamentos, e n\u00e3o de produ\u00e7\u00e3o&#8221;, ressalta o professor da Funda\u00e7\u00e3o Get\u00falio Vargas e ex-diretor da Petrobras, Alberto Machado. Segundo ele, a base de c\u00e1lculo sobre o conte\u00fado local gera distor\u00e7\u00f5es, que prejudicam a ind\u00fastria local de pe\u00e7as e m\u00e1quinas. &#8220;Temos escala, mercado e tecnologia, mas n\u00e3o h\u00e1 produ\u00e7\u00e3o pelo Custo Brasil. Seria preciso mais transpar\u00eancia na avalia\u00e7\u00e3o do conte\u00fado local e estender o Repetro para as ind\u00fastrias de base, e garantir a prote\u00e7\u00e3o para o produto nacional frente ao importado&#8221;, completa.<\/p>\n<p>Para o assessor da Petrobras, Paulo Alonso, para dar suporte \u00e0s demandas da Estatal nos pr\u00f3ximos cinco anos, a ind\u00fastria local precisa ganhar competitividade no cen\u00e1rio exterior \u00e9 &#8220;ser inovadora&#8221;. &#8220;Queremos comprar o conte\u00fado local, mas n\u00e3o a qualquer pre\u00e7o. \u00c9 preciso vencer a curva de aprendizado, mas isso \u00e9 como trocar as pe\u00e7as com o avi\u00e3o voando&#8221;, afirma Alonso.<\/p>\n<p>Fonte: Di\u00e1rio do Nordeste (CE)<\/p>\n","protected":false},"excerpt":{"rendered":"<p>A Associa\u00e7\u00e3o Brasileira da Ind\u00fastria de M\u00e1quinas e Equipamentos (Abimaq) indica que, nos \u00faltimos tr\u00eas anos, o Pa\u00eds importou mais de US$ 141 bilh\u00f5es em&#8230;<\/p>\n","protected":false},"author":1182,"featured_media":4314,"comment_status":"closed","ping_status":"closed","sticky":false,"template":"","format":"standard","meta":{"footnotes":""},"categories":[6],"tags":[61,141,156,970,68,67,971],"class_list":["post-5010","post","type-post","status-publish","format-standard","has-post-thumbnail","hentry","category-noticias","tag-brasil","tag-embarcacoes","tag-empregos","tag-importacoes","tag-industria","tag-naval","tag-pecas"],"_links":{"self":[{"href":"https:\/\/www.sincomam.org.br\/index.php\/wp-json\/wp\/v2\/posts\/5010","targetHints":{"allow":["GET"]}}],"collection":[{"href":"https:\/\/www.sincomam.org.br\/index.php\/wp-json\/wp\/v2\/posts"}],"about":[{"href":"https:\/\/www.sincomam.org.br\/index.php\/wp-json\/wp\/v2\/types\/post"}],"author":[{"embeddable":true,"href":"https:\/\/www.sincomam.org.br\/index.php\/wp-json\/wp\/v2\/users\/1182"}],"replies":[{"embeddable":true,"href":"https:\/\/www.sincomam.org.br\/index.php\/wp-json\/wp\/v2\/comments?post=5010"}],"version-history":[{"count":1,"href":"https:\/\/www.sincomam.org.br\/index.php\/wp-json\/wp\/v2\/posts\/5010\/revisions"}],"predecessor-version":[{"id":5011,"href":"https:\/\/www.sincomam.org.br\/index.php\/wp-json\/wp\/v2\/posts\/5010\/revisions\/5011"}],"wp:featuredmedia":[{"embeddable":true,"href":"https:\/\/www.sincomam.org.br\/index.php\/wp-json\/wp\/v2\/media\/4314"}],"wp:attachment":[{"href":"https:\/\/www.sincomam.org.br\/index.php\/wp-json\/wp\/v2\/media?parent=5010"}],"wp:term":[{"taxonomy":"category","embeddable":true,"href":"https:\/\/www.sincomam.org.br\/index.php\/wp-json\/wp\/v2\/categories?post=5010"},{"taxonomy":"post_tag","embeddable":true,"href":"https:\/\/www.sincomam.org.br\/index.php\/wp-json\/wp\/v2\/tags?post=5010"}],"curies":[{"name":"wp","href":"https:\/\/api.w.org\/{rel}","templated":true}]}}