{"id":50058,"date":"2024-02-26T07:36:01","date_gmt":"2024-02-26T10:36:01","guid":{"rendered":"http:\/\/www.sincomam.org.br\/?p=50058"},"modified":"2024-02-26T07:36:01","modified_gmt":"2024-02-26T10:36:01","slug":"governo-vai-enviar-vacinas-contra-dengue-para-mais-29-municipios","status":"publish","type":"post","link":"https:\/\/www.sincomam.org.br\/index.php\/governo-vai-enviar-vacinas-contra-dengue-para-mais-29-municipios\/","title":{"rendered":"Governo vai enviar vacinas contra dengue para mais 29 munic\u00edpios"},"content":{"rendered":"<p>O Minist\u00e9rio da Sa\u00fade informou que vai enviar doses de vacinas contra dengue para mais 29 munic\u00edpios nos pr\u00f3ximos dias. O novo lote vai completar a lista de\u00a0521 munic\u00edpios selecionados\u00a0para receber as doses at\u00e9 a primeira quinzena de mar\u00e7o. At\u00e9 o momento, 492 cidades j\u00e1 receberam os imunizantes.<img decoding=\"async\" src=\"https:\/\/agenciabrasil.ebc.com.br\/ebc.png?id=1582786&amp;o=node\" \/><img decoding=\"async\" src=\"https:\/\/agenciabrasil.ebc.com.br\/ebc.gif?id=1582786&amp;o=node\" \/><\/p>\n<p>A vacina\u00e7\u00e3o contra a dengue come\u00e7ou neste m\u00eas e \u00e9 destinada \u00e0 aplica\u00e7\u00e3o em crian\u00e7as de 10 e 11 anos. At\u00e9 o fim deste ano, a vacina\u00e7\u00e3o com a Qdenga, nome comercial do imunizante, ser\u00e1 ampliada para adolescentes de 12,13 e 14 anos que moram nos 521 munic\u00edpios.<\/p>\n<p>Os munic\u00edpios foram escolhidos para receber os primeiros lotes das vacinas por estarem localizados em \u00e1reas de com alta incid\u00eancia da dengue tipo 2 (Sorotipo 2), que provoca infec\u00e7\u00e3o mais grave da doen\u00e7a.<\/p>\n<p>A restri\u00e7\u00e3o de regi\u00f5es que v\u00e3o receber a vacina\u00e7\u00e3o foi feita diante das dificuldades apresentadas para produ\u00e7\u00e3o e oferta da vacina, elaborada pelo laborat\u00f3rio Takeda. A partir da entrega de mais carregamentos, a vacina\u00e7\u00e3o ser\u00e1 ampliada pelo Sistema \u00danico de Sa\u00fade (SUS).<\/p>\n<p>Segundo o Minist\u00e9rio da Sa\u00fade, foram compradas 5,2 milh\u00f5es de vacinas neste ano. Em 2025, ser\u00e3o mais 9 milh\u00f5es.<\/p>\n<p>A vacina Qdenga teve o registro aprovado pela Ag\u00eancia Nacional de Vigil\u00e2ncia Sanit\u00e1ria (Anvisa) em mar\u00e7o de 2023. Em dezembro do ano passado, a pasta anunciou a incorpora\u00e7\u00e3o do insumo no SUS.<\/p>\n<p>Pelo menos seis estados j\u00e1 declararam situa\u00e7\u00e3o de emerg\u00eancia devido aos casos registrados de dengue na popula\u00e7\u00e3o. Rio de Janeiro, Esp\u00edrito Santo, Minas Gerais, Acre, Goi\u00e1s e o Distrito Federal est\u00e3o na lista.<\/p>\n<p>&nbsp;<\/p>\n<p>Fonte: Ag\u00eancia Brasil<\/p>\n","protected":false},"excerpt":{"rendered":"<p>O Minist\u00e9rio da Sa\u00fade informou que vai enviar doses de vacinas contra dengue para mais 29 munic\u00edpios nos pr\u00f3ximos dias. O novo lote vai completar&#8230;<\/p>\n","protected":false},"author":1527,"featured_media":50059,"comment_status":"closed","ping_status":"closed","sticky":false,"template":"","format":"standard","meta":{"footnotes":""},"categories":[6],"tags":[],"class_list":["post-50058","post","type-post","status-publish","format-standard","has-post-thumbnail","hentry","category-noticias"],"_links":{"self":[{"href":"https:\/\/www.sincomam.org.br\/index.php\/wp-json\/wp\/v2\/posts\/50058","targetHints":{"allow":["GET"]}}],"collection":[{"href":"https:\/\/www.sincomam.org.br\/index.php\/wp-json\/wp\/v2\/posts"}],"about":[{"href":"https:\/\/www.sincomam.org.br\/index.php\/wp-json\/wp\/v2\/types\/post"}],"author":[{"embeddable":true,"href":"https:\/\/www.sincomam.org.br\/index.php\/wp-json\/wp\/v2\/users\/1527"}],"replies":[{"embeddable":true,"href":"https:\/\/www.sincomam.org.br\/index.php\/wp-json\/wp\/v2\/comments?post=50058"}],"version-history":[{"count":1,"href":"https:\/\/www.sincomam.org.br\/index.php\/wp-json\/wp\/v2\/posts\/50058\/revisions"}],"predecessor-version":[{"id":50060,"href":"https:\/\/www.sincomam.org.br\/index.php\/wp-json\/wp\/v2\/posts\/50058\/revisions\/50060"}],"wp:featuredmedia":[{"embeddable":true,"href":"https:\/\/www.sincomam.org.br\/index.php\/wp-json\/wp\/v2\/media\/50059"}],"wp:attachment":[{"href":"https:\/\/www.sincomam.org.br\/index.php\/wp-json\/wp\/v2\/media?parent=50058"}],"wp:term":[{"taxonomy":"category","embeddable":true,"href":"https:\/\/www.sincomam.org.br\/index.php\/wp-json\/wp\/v2\/categories?post=50058"},{"taxonomy":"post_tag","embeddable":true,"href":"https:\/\/www.sincomam.org.br\/index.php\/wp-json\/wp\/v2\/tags?post=50058"}],"curies":[{"name":"wp","href":"https:\/\/api.w.org\/{rel}","templated":true}]}}