{"id":50052,"date":"2024-02-26T07:29:17","date_gmt":"2024-02-26T10:29:17","guid":{"rendered":"http:\/\/www.sincomam.org.br\/?p=50052"},"modified":"2024-02-26T07:29:17","modified_gmt":"2024-02-26T10:29:17","slug":"revitalizacao-da-corveta-museu-solimoes-um-legado-cultural-renovado-em-belem","status":"publish","type":"post","link":"https:\/\/www.sincomam.org.br\/index.php\/revitalizacao-da-corveta-museu-solimoes-um-legado-cultural-renovado-em-belem\/","title":{"rendered":"Revitaliza\u00e7\u00e3o da Corveta-Museu Solim\u00f5es: Um Legado Cultural Renovado em Bel\u00e9m"},"content":{"rendered":"<p>No dia 20 de fevereiro, uma importante reuni\u00e3o marcou o fortalecimento da colabora\u00e7\u00e3o entre a Marinha do Brasil e o Governo do Estado do Par\u00e1, focada na recupera\u00e7\u00e3o da Corveta-Museu \u201cSolim\u00f5es\u201d. Este encontro, que contou com a presen\u00e7a do Vice-Almirante Ant\u00f4nio Capistrano de Freitas Filho, Comandante do 4\u00ba Distrito Naval, e da Vice-Governadora do Par\u00e1, Hana Ghassan Tuma, tratou da revitaliza\u00e7\u00e3o deste patrim\u00f4nio hist\u00f3rico e cultural localizado no Complexo Feliz Lusit\u00e2nia, em Bel\u00e9m.<\/p>\n<p><strong>Retorno de um \u00cdcone<\/strong><\/p>\n<p>A Corveta-Museu Solim\u00f5es, ap\u00f3s receber cerca de 30 mil visitantes por ano, foi transferida para a Base Naval de Val de C\u00e3es para uma restaura\u00e7\u00e3o estrutural necess\u00e1ria. Com recursos designados pelo Comando de Opera\u00e7\u00f5es Navais e uma emenda ao or\u00e7amento proposta pelo Senador Jader Barbalho, o navio passou por uma s\u00e9rie de reparos, mas ainda necessita de ajustes finais para voltar a ser um espa\u00e7o de exposi\u00e7\u00e3o e conv\u00edvio com visitantes.<\/p>\n<p><strong>Celebrando 70 Anos de Hist\u00f3ria<\/strong><\/p>\n<p>Com a aproxima\u00e7\u00e3o do 70\u00ba anivers\u00e1rio da corveta em novembro de 2024, a expectativa \u00e9 que a Solim\u00f5es retorne ao p\u00eder da Casa das Onze Janelas, enriquecendo o patrim\u00f4nio cultural de Bel\u00e9m. Este esfor\u00e7o de recupera\u00e7\u00e3o reflete o desejo da Marinha e do Governo do Estado de oferecer mais uma atra\u00e7\u00e3o de valor hist\u00f3rico e educacional aos paraenses e visitantes.<\/p>\n<p><strong>Contribui\u00e7\u00e3o Global \u00e0 Cultura Mar\u00edtima<\/strong><\/p>\n<p>A iniciativa de transformar navios de guerra em museus n\u00e3o \u00e9 exclusiva de Bel\u00e9m. Cidades como Nova Iorque, Rio de Janeiro e Baltimore j\u00e1 adotaram essa pr\u00e1tica, promovendo suas hist\u00f3rias mar\u00edtimas e reafirmando a voca\u00e7\u00e3o de seus povos para a navega\u00e7\u00e3o. A Corveta-Museu Solim\u00f5es est\u00e1 destinada a ser um marco similar, representando a rica hist\u00f3ria naval da Amaz\u00f4nia e do Brasil.<\/p>\n<p><strong>Expectativas para o C\u00edrio de Nazar\u00e9 e COP-30<\/strong><\/p>\n<p>Com o apoio do Governo do Estado, a Marinha planeja reabrir a Corveta-Museu a tempo para o C\u00edrio de Nazar\u00e9 em outubro, e como uma atra\u00e7\u00e3o especial durante a COP-30, a 30\u00aa Confer\u00eancia das Na\u00e7\u00f5es Unidas sobre as Mudan\u00e7as Clim\u00e1ticas, que ser\u00e1 sediada em Bel\u00e9m em 2025. Esses eventos proporcionar\u00e3o uma excelente oportunidade para destacar o compromisso do Brasil com a preserva\u00e7\u00e3o de sua hist\u00f3ria e meio ambiente.<\/p>\n<p><strong>Uma Jornada de Preserva\u00e7\u00e3o e Educa\u00e7\u00e3o<\/strong><\/p>\n<p>A recupera\u00e7\u00e3o da Corveta-Museu \u201cSolim\u00f5es\u201d n\u00e3o \u00e9 apenas um projeto de restaura\u00e7\u00e3o f\u00edsica, mas uma miss\u00e3o de preservar a mem\u00f3ria naval e promover a educa\u00e7\u00e3o hist\u00f3rica e ambiental. A colabora\u00e7\u00e3o entre a Marinha do Brasil e o Governo do Estado do Par\u00e1 simboliza um investimento no futuro cultural e educacional da regi\u00e3o, garantindo que as gera\u00e7\u00f5es futuras possam apreciar e aprender com o legado mar\u00edtimo brasileiro.<\/p>\n<div class=\"td-g-rec td-g-rec-id-content_bottom tdi_4 td_block_template_11\"><\/div>\n<div>Fonte: Defesa em Foco<\/div>\n","protected":false},"excerpt":{"rendered":"<p>No dia 20 de fevereiro, uma importante reuni\u00e3o marcou o fortalecimento da colabora\u00e7\u00e3o entre a Marinha do Brasil e o Governo do Estado do Par\u00e1,&#8230;<\/p>\n","protected":false},"author":1527,"featured_media":50053,"comment_status":"closed","ping_status":"closed","sticky":false,"template":"","format":"standard","meta":{"footnotes":""},"categories":[6],"tags":[],"class_list":["post-50052","post","type-post","status-publish","format-standard","has-post-thumbnail","hentry","category-noticias"],"_links":{"self":[{"href":"https:\/\/www.sincomam.org.br\/index.php\/wp-json\/wp\/v2\/posts\/50052","targetHints":{"allow":["GET"]}}],"collection":[{"href":"https:\/\/www.sincomam.org.br\/index.php\/wp-json\/wp\/v2\/posts"}],"about":[{"href":"https:\/\/www.sincomam.org.br\/index.php\/wp-json\/wp\/v2\/types\/post"}],"author":[{"embeddable":true,"href":"https:\/\/www.sincomam.org.br\/index.php\/wp-json\/wp\/v2\/users\/1527"}],"replies":[{"embeddable":true,"href":"https:\/\/www.sincomam.org.br\/index.php\/wp-json\/wp\/v2\/comments?post=50052"}],"version-history":[{"count":1,"href":"https:\/\/www.sincomam.org.br\/index.php\/wp-json\/wp\/v2\/posts\/50052\/revisions"}],"predecessor-version":[{"id":50054,"href":"https:\/\/www.sincomam.org.br\/index.php\/wp-json\/wp\/v2\/posts\/50052\/revisions\/50054"}],"wp:featuredmedia":[{"embeddable":true,"href":"https:\/\/www.sincomam.org.br\/index.php\/wp-json\/wp\/v2\/media\/50053"}],"wp:attachment":[{"href":"https:\/\/www.sincomam.org.br\/index.php\/wp-json\/wp\/v2\/media?parent=50052"}],"wp:term":[{"taxonomy":"category","embeddable":true,"href":"https:\/\/www.sincomam.org.br\/index.php\/wp-json\/wp\/v2\/categories?post=50052"},{"taxonomy":"post_tag","embeddable":true,"href":"https:\/\/www.sincomam.org.br\/index.php\/wp-json\/wp\/v2\/tags?post=50052"}],"curies":[{"name":"wp","href":"https:\/\/api.w.org\/{rel}","templated":true}]}}