{"id":50046,"date":"2024-02-26T07:23:51","date_gmt":"2024-02-26T10:23:51","guid":{"rendered":"http:\/\/www.sincomam.org.br\/?p=50046"},"modified":"2024-02-26T07:23:51","modified_gmt":"2024-02-26T10:23:51","slug":"porto-de-fortaleza-consolida-posicao-de-maior-polo-trigueiro-do-brasil","status":"publish","type":"post","link":"https:\/\/www.sincomam.org.br\/index.php\/porto-de-fortaleza-consolida-posicao-de-maior-polo-trigueiro-do-brasil\/","title":{"rendered":"Porto de Fortaleza consolida posi\u00e7\u00e3o de maior polo trigueiro do Brasil"},"content":{"rendered":"<p>O Porto de Fortaleza movimentou 1.031.138 toneladas de trigo, no ano passado, segundo a Ag\u00eancia Nacional de Transportes Aquavi\u00e1rios (Antaq), superando todos os outros portos brasileiros em desembarque de trigo. O resultado repete o desempenho de 2022.<\/p>\n<p>&#8220;\u00c9 um n\u00famero muito significativo, em um patamar consistente. Isso consolida o Porto de Fortaleza na posi\u00e7\u00e3o de l\u00edder do segmento, pelo fato de ter superado os principais portos brasileiros (a\u00ed inclu\u00eddo o de Santos, o maior da Am\u00e9rica Latina), por dois anos consecutivos. Nos \u00faltimos quatro anos, o Mucuripe liderou tr\u00eas vezes o ranking nacional&#8221;, comemorou o diretor-presidente da Companhia Docas do Cear\u00e1, Lucio Gomes.<\/p>\n<p>Formada pelas empresas Moinho Dias Branco, J. Mac\u00eado e Grande Moinho Cearense, o terminal especializado Tergran est\u00e1 instalado no Porto de Fortaleza e desempenha uma fun\u00e7\u00e3o essencial na opera\u00e7\u00e3o portu\u00e1ria, por facilitar a movimenta\u00e7\u00e3o eficiente do trigo dos moinhos.<\/p>\n<p>N\u00fameros da Antaq<\/p>\n<p>2023<br \/>\n1 &#8211; Porto de Fortaleza: 1.031.138<br \/>\n2 &#8211; Porto de Santos: 897.817<br \/>\n3 &#8211; Porto de Suape: 500.327<\/p>\n<p>2022<br \/>\n1 &#8211; Porto de Fortaleza: 1.031.538<br \/>\n2 &#8211; Porto de Santos: 987.865<br \/>\n3 &#8211; Porto de Suape: 554.865<\/p>\n<p>2021<br \/>\n1 &#8211; Porto de Santos: 1.307.327<br \/>\n2 &#8211; Porto de Fortaleza: 1.123.159<br \/>\n3 &#8211; Porto de Suape: 554.865<\/p>\n<p>2020<br \/>\n1 &#8211; Porto de Fortaleza: 1.198.447<br \/>\n2 &#8211; Porto de Santos: 1.050.127<br \/>\n3 &#8211; Porto de Suape: 493.857<\/p>\n<p>Fonte: Portos e Navios<\/p>\n","protected":false},"excerpt":{"rendered":"<p>O Porto de Fortaleza movimentou 1.031.138 toneladas de trigo, no ano passado, segundo a Ag\u00eancia Nacional de Transportes Aquavi\u00e1rios (Antaq), superando todos os outros portos&#8230;<\/p>\n","protected":false},"author":1527,"featured_media":50047,"comment_status":"closed","ping_status":"closed","sticky":false,"template":"","format":"standard","meta":{"footnotes":""},"categories":[6],"tags":[],"class_list":["post-50046","post","type-post","status-publish","format-standard","has-post-thumbnail","hentry","category-noticias"],"_links":{"self":[{"href":"https:\/\/www.sincomam.org.br\/index.php\/wp-json\/wp\/v2\/posts\/50046","targetHints":{"allow":["GET"]}}],"collection":[{"href":"https:\/\/www.sincomam.org.br\/index.php\/wp-json\/wp\/v2\/posts"}],"about":[{"href":"https:\/\/www.sincomam.org.br\/index.php\/wp-json\/wp\/v2\/types\/post"}],"author":[{"embeddable":true,"href":"https:\/\/www.sincomam.org.br\/index.php\/wp-json\/wp\/v2\/users\/1527"}],"replies":[{"embeddable":true,"href":"https:\/\/www.sincomam.org.br\/index.php\/wp-json\/wp\/v2\/comments?post=50046"}],"version-history":[{"count":1,"href":"https:\/\/www.sincomam.org.br\/index.php\/wp-json\/wp\/v2\/posts\/50046\/revisions"}],"predecessor-version":[{"id":50048,"href":"https:\/\/www.sincomam.org.br\/index.php\/wp-json\/wp\/v2\/posts\/50046\/revisions\/50048"}],"wp:featuredmedia":[{"embeddable":true,"href":"https:\/\/www.sincomam.org.br\/index.php\/wp-json\/wp\/v2\/media\/50047"}],"wp:attachment":[{"href":"https:\/\/www.sincomam.org.br\/index.php\/wp-json\/wp\/v2\/media?parent=50046"}],"wp:term":[{"taxonomy":"category","embeddable":true,"href":"https:\/\/www.sincomam.org.br\/index.php\/wp-json\/wp\/v2\/categories?post=50046"},{"taxonomy":"post_tag","embeddable":true,"href":"https:\/\/www.sincomam.org.br\/index.php\/wp-json\/wp\/v2\/tags?post=50046"}],"curies":[{"name":"wp","href":"https:\/\/api.w.org\/{rel}","templated":true}]}}