{"id":50043,"date":"2024-02-26T07:23:00","date_gmt":"2024-02-26T10:23:00","guid":{"rendered":"http:\/\/www.sincomam.org.br\/?p=50043"},"modified":"2024-02-26T07:23:00","modified_gmt":"2024-02-26T10:23:00","slug":"corredor-de-exportacao-do-porto-de-paranagua-opera-apos-incendio-na-sexta-feira","status":"publish","type":"post","link":"https:\/\/www.sincomam.org.br\/index.php\/corredor-de-exportacao-do-porto-de-paranagua-opera-apos-incendio-na-sexta-feira\/","title":{"rendered":"Corredor de exporta\u00e7\u00e3o do Porto de Paranagu\u00e1 opera, ap\u00f3s inc\u00eandio na sexta-feira"},"content":{"rendered":"<p>Todos os ber\u00e7os do Porto de Paranagu\u00e1 est\u00e3o em opera\u00e7\u00e3o, ap\u00f3s o inc\u00eandio que ocorreu no TC5 na sexta-feira (23). O equipamento \u00e9 uma das seis correias do corredor de exporta\u00e7\u00e3o no Porto de Paranagu\u00e1 que abastece o ber\u00e7o 214. Durante o sinistro, navios nos ber\u00e7os 212 e 213 foram desatracados de maneira preventiva. N\u00e3o houve v\u00edtimas.<\/p>\n<p>As opera\u00e7\u00f5es no corredor de exporta\u00e7\u00e3o foram retomadas \u00e0s 13h do s\u00e1bado (24), com exporta\u00e7\u00e3o nos ber\u00e7os 212 e 213 e uma opera\u00e7\u00e3o de importa\u00e7\u00e3o no ber\u00e7o 214.<\/p>\n<p>Os servi\u00e7os de manuten\u00e7\u00e3o no conjunto de equipamentos do corredor de exporta\u00e7\u00e3o afetados tamb\u00e9m foi iniciado no s\u00e1bado, com vistas ao reestabelecimento pleno das opera\u00e7\u00f5es para os pr\u00f3ximos dias.<\/p>\n<p>Os isolamentos nas \u00e1reas pr\u00f3ximas ao local da ocorr\u00eancia ser\u00e3o mantidos durante os servi\u00e7os.<\/p>\n<p>A ag\u00eancia mar\u00edtima Williams e a transportadora Cargonave afirmaram em notas enviadas aos clientes que o inc\u00eandio come\u00e7ou no Corredor Leste de Exporta\u00e7\u00e3o, em Paranagu\u00e1, pr\u00f3ximo ao acesso a um dos carregadores de navios.<\/p>\n<p>Est\u00e3o previstas as atraca\u00e7\u00f5es de cerca de 20 navios nos tr\u00eas ber\u00e7os nos pr\u00f3ximos dias para carregar soja, farelo de soja e trigo.<\/p>\n<p>Fonte: Portos e Navios<\/p>\n","protected":false},"excerpt":{"rendered":"<p>Todos os ber\u00e7os do Porto de Paranagu\u00e1 est\u00e3o em opera\u00e7\u00e3o, ap\u00f3s o inc\u00eandio que ocorreu no TC5 na sexta-feira (23). O equipamento \u00e9 uma das&#8230;<\/p>\n","protected":false},"author":1527,"featured_media":50044,"comment_status":"closed","ping_status":"closed","sticky":false,"template":"","format":"standard","meta":{"footnotes":""},"categories":[6],"tags":[],"class_list":["post-50043","post","type-post","status-publish","format-standard","has-post-thumbnail","hentry","category-noticias"],"_links":{"self":[{"href":"https:\/\/www.sincomam.org.br\/index.php\/wp-json\/wp\/v2\/posts\/50043","targetHints":{"allow":["GET"]}}],"collection":[{"href":"https:\/\/www.sincomam.org.br\/index.php\/wp-json\/wp\/v2\/posts"}],"about":[{"href":"https:\/\/www.sincomam.org.br\/index.php\/wp-json\/wp\/v2\/types\/post"}],"author":[{"embeddable":true,"href":"https:\/\/www.sincomam.org.br\/index.php\/wp-json\/wp\/v2\/users\/1527"}],"replies":[{"embeddable":true,"href":"https:\/\/www.sincomam.org.br\/index.php\/wp-json\/wp\/v2\/comments?post=50043"}],"version-history":[{"count":1,"href":"https:\/\/www.sincomam.org.br\/index.php\/wp-json\/wp\/v2\/posts\/50043\/revisions"}],"predecessor-version":[{"id":50045,"href":"https:\/\/www.sincomam.org.br\/index.php\/wp-json\/wp\/v2\/posts\/50043\/revisions\/50045"}],"wp:featuredmedia":[{"embeddable":true,"href":"https:\/\/www.sincomam.org.br\/index.php\/wp-json\/wp\/v2\/media\/50044"}],"wp:attachment":[{"href":"https:\/\/www.sincomam.org.br\/index.php\/wp-json\/wp\/v2\/media?parent=50043"}],"wp:term":[{"taxonomy":"category","embeddable":true,"href":"https:\/\/www.sincomam.org.br\/index.php\/wp-json\/wp\/v2\/categories?post=50043"},{"taxonomy":"post_tag","embeddable":true,"href":"https:\/\/www.sincomam.org.br\/index.php\/wp-json\/wp\/v2\/tags?post=50043"}],"curies":[{"name":"wp","href":"https:\/\/api.w.org\/{rel}","templated":true}]}}