{"id":50037,"date":"2024-02-23T11:29:16","date_gmt":"2024-02-23T14:29:16","guid":{"rendered":"http:\/\/www.sincomam.org.br\/?p=50037"},"modified":"2024-02-23T11:29:16","modified_gmt":"2024-02-23T14:29:16","slug":"dez-estados-ja-iniciaram-a-vacinacao-contra-a-dengue-em-criancas","status":"publish","type":"post","link":"https:\/\/www.sincomam.org.br\/index.php\/dez-estados-ja-iniciaram-a-vacinacao-contra-a-dengue-em-criancas\/","title":{"rendered":"Dez estados j\u00e1 iniciaram a vacina\u00e7\u00e3o contra a dengue em crian\u00e7as"},"content":{"rendered":"<p>A vacina\u00e7\u00e3o contra a dengue j\u00e1 come\u00e7ou nos dez estados selecionados pelo Minist\u00e9rio da Sa\u00fade para receberem o lote inicial de 712 mil doses. Segundo a pasta, todas as doses j\u00e1 foram entregues para 315 munic\u00edpios.<img decoding=\"async\" src=\"https:\/\/agenciabrasil.ebc.com.br\/ebc.png?id=1582388&amp;o=node\" \/><img decoding=\"async\" src=\"https:\/\/agenciabrasil.ebc.com.br\/ebc.gif?id=1582388&amp;o=node\" \/><\/p>\n<p>Nesta semana, a vacina\u00e7\u00e3o foi iniciada em diversos munic\u00edpios do estado de S\u00e3o Paulo al\u00e9m de Manaus (AM), Jo\u00e3o Pessoa (PB) e Natal (RN).<\/p>\n<p>A imuniza\u00e7\u00e3o tamb\u00e9m j\u00e1 havia come\u00e7ado na semana passada no\u00a0Distrito Federal e em Goi\u00e1s, duas das regi\u00f5es com maiores \u00edndices de contamina\u00e7\u00e3o, e tamb\u00e9m nas capitais Campo Grande (MS), Salvador (BA), S\u00e3o Lu\u00eds (MA) e Rio Branco (AC).<\/p>\n<p>O Minist\u00e9rio da Sa\u00fade selecionou\u00a0dez estados\u00a0para dar in\u00edcio \u00e0 imuniza\u00e7\u00e3o de crian\u00e7as de 10 a 11 anos. A previs\u00e3o \u00e9 que as demais cidades do total de 521 munic\u00edpios selecionados recebam as doses at\u00e9 a primeira quinzena de mar\u00e7o.<\/p>\n<p>Manaus (AM) iniciou a vacina\u00e7\u00e3o contra a dengue nesta quinta-feira (22) para crian\u00e7as de 10 e 11 anos de idade, com a oferta do imunizante em 171 salas de vacina. O munic\u00edpio recebeu um primeiro lote do Minist\u00e9rio da Sa\u00fade, com 65 mil doses da vacina Qdenga.<\/p>\n<p>Em Jo\u00e3o Pessoa (PB), a vacina\u00e7\u00e3o contra a dengue em crian\u00e7as e adolescentes entre 10 a 14 anos come\u00e7ou na \u00faltima segunda-feira (19).\u00a0 Outros munic\u00edpios da regi\u00e3o metropolitana, como Cabedelo, Santa Rita, Bayeux, Conde tamb\u00e9m j\u00e1 iniciaram a vacina\u00e7\u00e3o<\/p>\n<p>Em Natal (RN), a vacina\u00e7\u00e3o contra a dengue tamb\u00e9m foi iniciada na \u00faltima segunda-feira (19). A vacina\u00e7\u00e3o acontece de forma escalonada em oito unidades de refer\u00eancia distribu\u00eddas nos cinco distritos sanit\u00e1rios da cidade.<\/p>\n<p>No estado de S\u00e3o Paulo, a\u00a0vacina\u00e7\u00e3o\u00a0come\u00e7ou na \u00faltima ter\u00e7a-feira (20), no munic\u00edpio de Itaquaquecetuba. A\u00a0aplica\u00e7\u00e3o\u00a0tamb\u00e9m j\u00e1 teve in\u00edcio em Guarulhos, Aruj\u00e1, Ferraz de Vasconcelos, Guararema, Mogi das Cruzes, Santa Isabel e Suzano.<\/p>\n<h2>Rio de Janeiro<\/h2>\n<p>Apesar de n\u00e3o estar na lista dos primeiros estados a receberem a vacina, o Rio de Janeiro recebeu do Minist\u00e9rio da Sa\u00fade o\u00a0primeiro lote de vacinas contra a dengue\u00a0nesta quinta-feira (22). A data do in\u00edcio da vacina\u00e7\u00e3o ainda n\u00e3o foi divulgada pelo governo.<\/p>\n<p>Ser\u00e3o 231.928 doses que ser\u00e3o enviadas \u00e0 Central Geral de Armazenamento da Sa\u00fade do estado. O p\u00fablico-alvo s\u00e3o adolescentes de 10 a 14 anos, da Regi\u00e3o Metropolitana I, que inclui a capital e munic\u00edpios da Baixada Fluminense.<\/p>\n<p>Ontem (21), o governo do estado decretou\u00a0epidemia de dengue no territ\u00f3rio fluminense, devido ao crescimento do n\u00famero de casos da doen\u00e7a.<\/p>\n<p>Fonte: Ag\u00eancia Brasil<\/p>\n","protected":false},"excerpt":{"rendered":"<p>A vacina\u00e7\u00e3o contra a dengue j\u00e1 come\u00e7ou nos dez estados selecionados pelo Minist\u00e9rio da Sa\u00fade para receberem o lote inicial de 712 mil doses. Segundo&#8230;<\/p>\n","protected":false},"author":1527,"featured_media":50039,"comment_status":"closed","ping_status":"closed","sticky":false,"template":"","format":"standard","meta":{"footnotes":""},"categories":[6],"tags":[],"class_list":["post-50037","post","type-post","status-publish","format-standard","has-post-thumbnail","hentry","category-noticias"],"_links":{"self":[{"href":"https:\/\/www.sincomam.org.br\/index.php\/wp-json\/wp\/v2\/posts\/50037","targetHints":{"allow":["GET"]}}],"collection":[{"href":"https:\/\/www.sincomam.org.br\/index.php\/wp-json\/wp\/v2\/posts"}],"about":[{"href":"https:\/\/www.sincomam.org.br\/index.php\/wp-json\/wp\/v2\/types\/post"}],"author":[{"embeddable":true,"href":"https:\/\/www.sincomam.org.br\/index.php\/wp-json\/wp\/v2\/users\/1527"}],"replies":[{"embeddable":true,"href":"https:\/\/www.sincomam.org.br\/index.php\/wp-json\/wp\/v2\/comments?post=50037"}],"version-history":[{"count":1,"href":"https:\/\/www.sincomam.org.br\/index.php\/wp-json\/wp\/v2\/posts\/50037\/revisions"}],"predecessor-version":[{"id":50040,"href":"https:\/\/www.sincomam.org.br\/index.php\/wp-json\/wp\/v2\/posts\/50037\/revisions\/50040"}],"wp:featuredmedia":[{"embeddable":true,"href":"https:\/\/www.sincomam.org.br\/index.php\/wp-json\/wp\/v2\/media\/50039"}],"wp:attachment":[{"href":"https:\/\/www.sincomam.org.br\/index.php\/wp-json\/wp\/v2\/media?parent=50037"}],"wp:term":[{"taxonomy":"category","embeddable":true,"href":"https:\/\/www.sincomam.org.br\/index.php\/wp-json\/wp\/v2\/categories?post=50037"},{"taxonomy":"post_tag","embeddable":true,"href":"https:\/\/www.sincomam.org.br\/index.php\/wp-json\/wp\/v2\/tags?post=50037"}],"curies":[{"name":"wp","href":"https:\/\/api.w.org\/{rel}","templated":true}]}}