{"id":50034,"date":"2024-02-23T11:27:34","date_gmt":"2024-02-23T14:27:34","guid":{"rendered":"http:\/\/www.sincomam.org.br\/?p=50034"},"modified":"2024-02-23T11:27:34","modified_gmt":"2024-02-23T14:27:34","slug":"bolsonaro-nao-responde-a-pf-em-depoimento-sobre-golpe-de-estado","status":"publish","type":"post","link":"https:\/\/www.sincomam.org.br\/index.php\/bolsonaro-nao-responde-a-pf-em-depoimento-sobre-golpe-de-estado\/","title":{"rendered":"Bolsonaro n\u00e3o responde \u00e0 PF em depoimento sobre golpe de Estado"},"content":{"rendered":"<p>O ex-presidente Jair Bolsonaro n\u00e3o respondeu aos questionamentos da Pol\u00edcia Federal (PF), nesta quinta-feira (22), no depoimento para investiga\u00e7\u00e3o que apura a suposta tentativa de golpe de Estado no Brasil. Ele chegou \u00e0 sede da PF, em Bras\u00edlia, por volta das 14h20, e n\u00e3o falou com a imprensa.<img decoding=\"async\" src=\"https:\/\/agenciabrasil.ebc.com.br\/ebc.png?id=1582395&amp;o=node\" \/><img decoding=\"async\" src=\"https:\/\/agenciabrasil.ebc.com.br\/ebc.gif?id=1582395&amp;o=node\" \/><\/p>\n<p>Bolsonaro ficou cerca de 30 minutos na\u00a0PF e, ap\u00f3s deixar o local em carro com vidros fechados, dois dos seus advogados falaram com a imprensa e justificaram que o seu cliente ficou em sil\u00eancio porque a defesa n\u00e3o teria tido acesso \u00e0 \u00edntegra dos autos da investiga\u00e7\u00e3o.<\/p>\n<p>\u201cA falta de acesso a esses documentos, especialmente as declara\u00e7\u00f5es do tenente coronel Mauro Cid, e as m\u00eddias eletr\u00f4nicas obtidas dos telefones celulares de terceiros e computadores, impedem que a defesa tenha o m\u00ednimo conhecimento por quais elementos o presidente \u00e9 hoje convocado a esse depoimento\u201d destacou Paulo Bueno, advogado do ex-presidente.<\/p>\n<p>A defesa acrescentou que o sil\u00eancio \u00e9 uma estrat\u00e9gia \u201cbaseada no fato de que a defesa n\u00e3o teve acesso a todos os elementos pelos quais est\u00e1 sendo imputada ao presidente a pr\u00e1tica de certos delitos\u201d, acrescentou.<\/p>\n<p>Bueno disse, ainda, Bolsonaro est\u00e1 \u00e0 disposi\u00e7\u00e3o da Justi\u00e7a \u201ccomo, ali\u00e1s, ele sempre fez e continuar\u00e1 fazendo, sendo do maior interesse dele o esclarecimento dessa verdade\u201d.<\/p>\n<p>Al\u00e9m do ex-presidente, v\u00e1rios ex-integrantes do governo anterior compareceram nesta quinta-feira (22) \u00e0 sede da Pol\u00edcia Federal para prestar depoimentos, entre eles, o ex-ministro do Gabinete de Seguran\u00e7a Institucional (GSI), general Augusto Heleno, o ex-ministro da Defesa, Paulo S\u00e9rgio Nogueira de Oliveira, o ex-ministro da Casa Civil, general Walter Braga Netto, o ex-ministro da Justi\u00e7a, Anderson Torres, e o presidente do partido de Bolsonaro, o Partido Liberal (PL), Valdemar Costa Neto.<\/p>\n<p>As defesas desses investigados n\u00e3o falaram com a imprensa. Eles s\u00e3o suspeitos de formar uma organiza\u00e7\u00e3o criminosa que, segundo a Pol\u00edcia Federal, atuou na tentativa de golpe de Estado para manter o ent\u00e3o presidente no poder ap\u00f3s a vit\u00f3ria eleitoral do presidente Luiz In\u00e1cio Lula da Silva.<\/p>\n<p>As investiga\u00e7\u00f5es apontaram que o grupo formulou uma minuta, com a participa\u00e7\u00e3o de Bolsonaro, que previa uma s\u00e9rie de medidas contra o Poder Judici\u00e1rio, incluindo a pris\u00e3o de ministros do Supremo Tribunal Federal (STF). Esse grupo tamb\u00e9m promoveu reuni\u00f5es para impulsionar a divulga\u00e7\u00e3o de not\u00edcias falsas contra o sistema eleitoral brasileiro e monitorou o ministro do STF, Alexandre de Moraes.<\/p>\n<h2>Opera\u00e7\u00e3o Tempus Veritatis<\/h2>\n<p>No dia 8 de fevereiro, a PF deflagrou a\u00a0<em>Opera\u00e7\u00e3o Tempus Veritatis\u00a0<\/em>que teve como alvo diversos militares e assessores ligados a Bolsonaro. O presidente do PL, Valdemar Costa Neto, chegou a ser preso por porte ilegal de arma e de\u00a0pepita de ouro\u00a0de garimpo ilegal durante a opera\u00e7\u00e3o.<\/p>\n<p>A opera\u00e7\u00e3o foi deflagrada ap\u00f3s o ex-ajudante de ordens de Bolsonaro, o tenente-coronel Mauro Cid, ter fechado\u00a0acordo de colabora\u00e7\u00e3o premiada\u00a0junto a investigadores da PF. O acordo foi enviado \u00e0 Procuradoria-Geral da Rep\u00fablica (PGR) e j\u00e1 recebeu a homologa\u00e7\u00e3o pelo STF.<\/p>\n<p>Bolsonaro foi alvo de\u00a0mandatos de busca e apreens\u00e3o\u00a0e teve o passaporte apreendido para n\u00e3o poder deixar o pa\u00eds at\u00e9 a conclus\u00e3o do inqu\u00e9rito. A opera\u00e7\u00e3o prendeu ainda o ex-assessor para Assuntos Internacionais da Presid\u00eancia, Filipe Martins, o coronel Marcelo C\u00e2mara, da reserva do Ex\u00e9rcito, e o major Rafael Martins, da ativa do Ex\u00e9rcito.<\/p>\n<p>A investiga\u00e7\u00e3o aponta ainda que o general Walter Braga Netto, ent\u00e3o candidato a vice-presidente na chapa derrotada em outubro de 2022,\u00a0teria orientado ataques contra generais\u00a0que n\u00e3o aderiram ao plano de golpe de Estado.<\/p>\n<p>Fonte: Ag\u00eancia Brasil<\/p>\n","protected":false},"excerpt":{"rendered":"<p>O ex-presidente Jair Bolsonaro n\u00e3o respondeu aos questionamentos da Pol\u00edcia Federal (PF), nesta quinta-feira (22), no depoimento para investiga\u00e7\u00e3o que apura a suposta tentativa de&#8230;<\/p>\n","protected":false},"author":1527,"featured_media":50035,"comment_status":"closed","ping_status":"closed","sticky":false,"template":"","format":"standard","meta":{"footnotes":""},"categories":[6],"tags":[],"class_list":["post-50034","post","type-post","status-publish","format-standard","has-post-thumbnail","hentry","category-noticias"],"_links":{"self":[{"href":"https:\/\/www.sincomam.org.br\/index.php\/wp-json\/wp\/v2\/posts\/50034","targetHints":{"allow":["GET"]}}],"collection":[{"href":"https:\/\/www.sincomam.org.br\/index.php\/wp-json\/wp\/v2\/posts"}],"about":[{"href":"https:\/\/www.sincomam.org.br\/index.php\/wp-json\/wp\/v2\/types\/post"}],"author":[{"embeddable":true,"href":"https:\/\/www.sincomam.org.br\/index.php\/wp-json\/wp\/v2\/users\/1527"}],"replies":[{"embeddable":true,"href":"https:\/\/www.sincomam.org.br\/index.php\/wp-json\/wp\/v2\/comments?post=50034"}],"version-history":[{"count":1,"href":"https:\/\/www.sincomam.org.br\/index.php\/wp-json\/wp\/v2\/posts\/50034\/revisions"}],"predecessor-version":[{"id":50036,"href":"https:\/\/www.sincomam.org.br\/index.php\/wp-json\/wp\/v2\/posts\/50034\/revisions\/50036"}],"wp:featuredmedia":[{"embeddable":true,"href":"https:\/\/www.sincomam.org.br\/index.php\/wp-json\/wp\/v2\/media\/50035"}],"wp:attachment":[{"href":"https:\/\/www.sincomam.org.br\/index.php\/wp-json\/wp\/v2\/media?parent=50034"}],"wp:term":[{"taxonomy":"category","embeddable":true,"href":"https:\/\/www.sincomam.org.br\/index.php\/wp-json\/wp\/v2\/categories?post=50034"},{"taxonomy":"post_tag","embeddable":true,"href":"https:\/\/www.sincomam.org.br\/index.php\/wp-json\/wp\/v2\/tags?post=50034"}],"curies":[{"name":"wp","href":"https:\/\/api.w.org\/{rel}","templated":true}]}}