{"id":50025,"date":"2024-02-23T10:47:18","date_gmt":"2024-02-23T13:47:18","guid":{"rendered":"http:\/\/www.sincomam.org.br\/?p=50025"},"modified":"2024-02-23T10:47:18","modified_gmt":"2024-02-23T13:47:18","slug":"transpetro-prefeitura-de-sao-sebastiao-e-senai-lancam-iniciativa-de-qualificacao-profissional","status":"publish","type":"post","link":"https:\/\/www.sincomam.org.br\/index.php\/transpetro-prefeitura-de-sao-sebastiao-e-senai-lancam-iniciativa-de-qualificacao-profissional\/","title":{"rendered":"Transpetro, Prefeitura de S\u00e3o Sebasti\u00e3o e Senai lan\u00e7am iniciativa de qualifica\u00e7\u00e3o profissional"},"content":{"rendered":"<p>A Transpetro uniu esfor\u00e7os com a Prefeitura de S\u00e3o Sebasti\u00e3o (SP) e o Senai-S\u00e3o Paulo para a implanta\u00e7\u00e3o de a\u00e7\u00f5es de qualifica\u00e7\u00e3o profissional em prol da comunidade afetada pelas chuvas do in\u00edcio de 2023 naquela regi\u00e3o. Por meio de cursos gratuitos de forma\u00e7\u00e3o profissional, o programa Transformar, desenvolvido pela companhia, pretende dar melhores condi\u00e7\u00f5es de empregabilidade para a popula\u00e7\u00e3o atingida pela cat\u00e1strofe. Ao todo ser\u00e3o ofertadas 400 vagas, distribu\u00eddas em 30 turmas, para os cargos de caldeireiro, soldador, construtor de alvenaria e pintor industrial.<\/p>\n<p>A aula inaugural ser\u00e1 realizada no dia 26 de fevereiro, no Terminal da Transpetro em S\u00e3o Sebasti\u00e3o, o mesmo local onde os cursos ser\u00e3o ministrados. O evento contar\u00e1 com a presen\u00e7a do presidente da companhia, S\u00e9rgio Bacci, do vice-prefeito de S\u00e3o Sebasti\u00e3o, Reinaldinho Moreira, e da gerente de educa\u00e7\u00e3o do Senai-SP, C\u00e1ssia Cruz.<\/p>\n<div id=\"beacon_70a7b0aa51\"><\/div>\n<p>As quatro primeiras turmas para os cursos de caldeireiro, montador e construtor de alvenaria contemplam 56 alunos. Todas as vagas do programa s\u00e3o eleg\u00edveis tanto para homens como para mulheres. A dura\u00e7\u00e3o de cada curso \u00e9 de dois meses e a conclus\u00e3o de todas as turmas \u00e9 prevista para maio de 2025.<\/p>\n<p>\u201cCientes da responsabilidade da Transpetro, estamos somando esfor\u00e7os com o poder p\u00fablico e a sociedade civil para apoio aos moradores das comunidades que foram atingidas pela calamidade de 2023. Al\u00e9m da grande contribui\u00e7\u00e3o que demos durante a\u00e7\u00f5es emergenciais, criamos o programa Transformar para capacitar as pessoas e gerar novas oportunidades profissionais que possam melhorar suas condi\u00e7\u00f5es de vida atuais. O Transformar \u00e9 uma a\u00e7\u00e3o da companhia que estreia em S\u00e3o Sebasti\u00e3o e vai atender munic\u00edpios em outras regi\u00f5es onde temos opera\u00e7\u00f5es\u201d, enfatizou o presidente da companhia, S\u00e9rgio Bacci.<\/p>\n<p>A gerente de educa\u00e7\u00e3o do Senai-SP, C\u00e1ssia Cruz, refor\u00e7a o compromisso da entidade e da ind\u00fastria com o desenvolvimento social e econ\u00f4mico sustent\u00e1vel. \u201cA capacita\u00e7\u00e3o profissional, com foco nas demandas da ind\u00fastria, abre as portas para o mercado de trabalho. A ind\u00fastria precisa de profissionais qualificados e atualizados para seu corpo t\u00e9cnico. Assim, estamos juntos com a comunidade de S\u00e3o Sebasti\u00e3o e o setor produtivo para apoiar no restabelecimento de condi\u00e7\u00f5es dignas de vida e trabalho da popula\u00e7\u00e3o\u201d.<\/p>\n<p>O programa Transformar prev\u00ea que a Transpetro disponibilize espa\u00e7o f\u00edsico, estrutura adequada e equipamentos para as aulas te\u00f3ricas e pr\u00e1ticas. Os cursos ser\u00e3o ministrados pelo corpo docente do Senai-SP em uma das escolas m\u00f3veis da institui\u00e7\u00e3o que ficar\u00e1 dentro do Terminal de S\u00e3o Sebasti\u00e3o. A prefeitura da cidade est\u00e1 encarregada de divulgar as vagas para a comunidade, selecionar os alunos com o perfil do programa e disponibilizar estruturas de apoio, como creches.<\/p>\n<p>O vice-prefeito Reinaldinho Moreira relembra os momentos dif\u00edceis que a popula\u00e7\u00e3o passou em 2023: &#8220;H\u00e1 um ano, enfrent\u00e1vamos a maior adversidade j\u00e1 vista na hist\u00f3ria desta cidade. Passamos por um momento turbulento, no qual, infelizmente, vidas foram ceifadas. Contudo, tamb\u00e9m foi um per\u00edodo em que o munic\u00edpio demonstrou resili\u00eancia; vidas foram salvas, a destrui\u00e7\u00e3o deu lugar \u00e0 reconstru\u00e7\u00e3o, e os olhares de tristeza foram substitu\u00eddos por rostos de esperan\u00e7a. Unimos esfor\u00e7os com os governos Federal e Estadual, a iniciativa privada e a sociedade civil\u201d, afirmou.<\/p>\n<p>\u201cEstamos trabalhando ininterruptamente desde aquele dia fat\u00eddico para reparar todos os danos causados pela chuva e proporcionar dignidade ao povo sebastianense. Isso inclui tamb\u00e9m a oferta de oportunidades para um recome\u00e7o profissional, promovendo o desenvolvimento econ\u00f4mico e implementando pol\u00edticas p\u00fablicas de gera\u00e7\u00e3o de emprego, renda e empreendedorismo. No final do ano passado, mais de 980 alunos receberam certificados dos cursos de capacita\u00e7\u00e3o gratuitos oferecidos pelo munic\u00edpio. Continuaremos a investir em cursos profissionalizantes gratuitos, destinando aproximadamente R$10 milh\u00f5es para essa iniciativa. Estamos comprometidos em investir em S\u00e3o Sebasti\u00e3o, investir no cidad\u00e3o sebastianense&#8221;, completou o vice-prefeito Reinaldinho Moreira.<\/p>\n<p>Est\u00edmulo \u00e0 diversidade<\/p>\n<p>O objetivo da parceria \u00e9 fomentar a qualifica\u00e7\u00e3o da m\u00e3o de obra local e, tamb\u00e9m, estimular a diversidade e a inclus\u00e3o no mercado de trabalho. Para viabilizar a participa\u00e7\u00e3o de alunas com filhos, o programa fornece subs\u00eddios para que essas mulheres possam participar da capacita\u00e7\u00e3o.<\/p>\n<p>Al\u00e9m da creche oferecida pela prefeitura para a perman\u00eancia dos filhos durante o per\u00edodo de aulas, a Transpetro tamb\u00e9m vai disponibilizar uma sala de apoio \u00e0 lacta\u00e7\u00e3o, que poder\u00e1 ser usada pelas alunas durante o curso.<\/p>\n<p>&nbsp;<\/p>\n<p>Fonte: Portos e Navios<\/p>\n","protected":false},"excerpt":{"rendered":"<p>A Transpetro uniu esfor\u00e7os com a Prefeitura de S\u00e3o Sebasti\u00e3o (SP) e o Senai-S\u00e3o Paulo para a implanta\u00e7\u00e3o de a\u00e7\u00f5es de qualifica\u00e7\u00e3o profissional em prol&#8230;<\/p>\n","protected":false},"author":1527,"featured_media":50026,"comment_status":"closed","ping_status":"closed","sticky":false,"template":"","format":"standard","meta":{"footnotes":""},"categories":[6],"tags":[],"class_list":["post-50025","post","type-post","status-publish","format-standard","has-post-thumbnail","hentry","category-noticias"],"_links":{"self":[{"href":"https:\/\/www.sincomam.org.br\/index.php\/wp-json\/wp\/v2\/posts\/50025","targetHints":{"allow":["GET"]}}],"collection":[{"href":"https:\/\/www.sincomam.org.br\/index.php\/wp-json\/wp\/v2\/posts"}],"about":[{"href":"https:\/\/www.sincomam.org.br\/index.php\/wp-json\/wp\/v2\/types\/post"}],"author":[{"embeddable":true,"href":"https:\/\/www.sincomam.org.br\/index.php\/wp-json\/wp\/v2\/users\/1527"}],"replies":[{"embeddable":true,"href":"https:\/\/www.sincomam.org.br\/index.php\/wp-json\/wp\/v2\/comments?post=50025"}],"version-history":[{"count":1,"href":"https:\/\/www.sincomam.org.br\/index.php\/wp-json\/wp\/v2\/posts\/50025\/revisions"}],"predecessor-version":[{"id":50027,"href":"https:\/\/www.sincomam.org.br\/index.php\/wp-json\/wp\/v2\/posts\/50025\/revisions\/50027"}],"wp:featuredmedia":[{"embeddable":true,"href":"https:\/\/www.sincomam.org.br\/index.php\/wp-json\/wp\/v2\/media\/50026"}],"wp:attachment":[{"href":"https:\/\/www.sincomam.org.br\/index.php\/wp-json\/wp\/v2\/media?parent=50025"}],"wp:term":[{"taxonomy":"category","embeddable":true,"href":"https:\/\/www.sincomam.org.br\/index.php\/wp-json\/wp\/v2\/categories?post=50025"},{"taxonomy":"post_tag","embeddable":true,"href":"https:\/\/www.sincomam.org.br\/index.php\/wp-json\/wp\/v2\/tags?post=50025"}],"curies":[{"name":"wp","href":"https:\/\/api.w.org\/{rel}","templated":true}]}}