{"id":50000,"date":"2024-02-22T08:59:16","date_gmt":"2024-02-22T11:59:16","guid":{"rendered":"http:\/\/www.sincomam.org.br\/?p=50000"},"modified":"2024-02-22T08:59:16","modified_gmt":"2024-02-22T11:59:16","slug":"portosrio-recebe-visita-tecnica-da-secretaria-de-portos-investimentos-e-expansoes-em-destaque","status":"publish","type":"post","link":"https:\/\/www.sincomam.org.br\/index.php\/portosrio-recebe-visita-tecnica-da-secretaria-de-portos-investimentos-e-expansoes-em-destaque\/","title":{"rendered":"PortosRio recebe visita t\u00e9cnica da Secretaria de Portos: Investimentos e Expans\u00f5es em Destaque"},"content":{"rendered":"<p>Essa semana, a PortosRio recebeu a visita t\u00e9cnica e institucional de Alex Sandro de \u00c1vila, titular da Secretaria Nacional de Portos e Transportes Aquavi\u00e1rios do Minist\u00e9rio de Portos e Aeroportos (SNPTA\/MPor). Acompanhada por diretores e gestores da Autoridade Portu\u00e1ria, a comitiva da SNPTA esteve nos Portos do Rio de Janeiro e de Itagua\u00ed, nos dias 19 e 20, respectivamente, para conhecer as opera\u00e7\u00f5es, os terminais arrendados e a infraestrutura portu\u00e1ria, al\u00e9m das \u00e1reas dispon\u00edveis para novos arrendamentos.<\/p>\n<p>A visita ao Porto do Rio de Janeiro, na segunda-feira (19), teve in\u00edcio no Terminal de Cruzeiros Pier Mau\u00e1, onde foram discutidos com os diretores da arrendat\u00e1ria os investimentos planejados para aprimorar a log\u00edstica dos cruzeiros. Em seguida, a comitiva dirigiu-se ao Terminal de Trigo do Rio de Janeiro (TTRJ), onde a possibilidade de expans\u00e3o da opera\u00e7\u00e3o para novas cargas de origem vegetal foi tema de discuss\u00e3o com a diretoria da TTRJ. J\u00e1 a Triunfo Log\u00edstica apresentou aos representantes da SNPTA a opera\u00e7\u00e3o e a infraestrutura de log\u00edstica portu\u00e1ria integrada do terminal.<\/p>\n<p>No Cais do Caju, o grupo visitou o Rio Brasil Terminal, que movimenta cont\u00eaineres e est\u00e1 investindo em instala\u00e7\u00f5es mais eficientes e sustent\u00e1veis. A empresa arrendat\u00e1ria compartilhou o andamento das obras de amplia\u00e7\u00e3o do cais e do p\u00e1tio para aumentar a capacidade e receber navios maiores. A visita tamb\u00e9m incluiu os terminais de cont\u00eaineres MultiRio e de ve\u00edculos Multi-Car, ambos do Grupo Multiterminais, que apresentou os investimentos para aumentar a capacidade do edif\u00edcio-garagem e receber quatro navios de 400 metros.<\/p>\n<p>Na ter\u00e7a-feira (20), na visita ao Porto de Itagua\u00ed, o secret\u00e1rio de Portos se inteirou sobre a infraestrutura do complexo portu\u00e1rio e obteve informa\u00e7\u00f5es t\u00e9cnicas e operacionais sobre os terminais arrendados da CSN, Sepetiba Tecon e CPBS (Vale). Alex Sandro de \u00c1vila e sua equipe realizaram ainda reuni\u00f5es na sede da PortosRio sobre diversos assuntos, tais como: Investimentos, com destaque para as obras inclu\u00eddas no novo PAC (Programa de Acelera\u00e7\u00e3o do Crescimento), totalizando R$ 447 milh\u00f5es, o maior montante entre os portos federais; Planejamento Estrat\u00e9gico e Perspectivas de Resultados para o ano de 2024; Projetos Estruturantes e Medidas Saneadoras.<\/p>\n<p>Para o secret\u00e1rio de Portos, Alex Sandro, \u201ca visita foi uma excelente oportunidade de visitar as obras que est\u00e3o sendo executadas nos portos, acompanhar o que os arrendat\u00e1rios est\u00e3o fazendo e discutir com a Diretoria e o Conselho de Administra\u00e7\u00e3o da PortosRio uma agenda propositiva conjunta com a Autoridade Portu\u00e1ria, relativa \u00e0 carteira de oportunidades e novos investimentos que os portos apresentar\u00e3o para o mercado em mar\u00e7o.\u201d<\/p>\n<p>O diretor-presidente da PortosRio, Francisco Martins, ressaltou que \u201cfoi um prazer receber o Secret\u00e1rio de Portos, com quem n\u00f3s temos um canal permanentemente aberto. Temos uma expectativa muito positiva em rela\u00e7\u00e3o a 2024 e ao pacote de investimentos e arrendamentos que ser\u00e1 lan\u00e7ado. Vamos continuar empenhando todos os esfor\u00e7os para aumentar a movimenta\u00e7\u00e3o de cargas, dar uma melhor robustez financeira para a PortosRio e contribuir para o desenvolvimento econ\u00f4mico da regi\u00e3o e do Estado\u201d.<\/p>\n<p>Fonte: Portos do Rio<\/p>\n","protected":false},"excerpt":{"rendered":"<p>Essa semana, a PortosRio recebeu a visita t\u00e9cnica e institucional de Alex Sandro de \u00c1vila, titular da Secretaria Nacional de Portos e Transportes Aquavi\u00e1rios do&#8230;<\/p>\n","protected":false},"author":1527,"featured_media":50002,"comment_status":"closed","ping_status":"closed","sticky":false,"template":"","format":"standard","meta":{"footnotes":""},"categories":[6],"tags":[],"class_list":["post-50000","post","type-post","status-publish","format-standard","has-post-thumbnail","hentry","category-noticias"],"_links":{"self":[{"href":"https:\/\/www.sincomam.org.br\/index.php\/wp-json\/wp\/v2\/posts\/50000","targetHints":{"allow":["GET"]}}],"collection":[{"href":"https:\/\/www.sincomam.org.br\/index.php\/wp-json\/wp\/v2\/posts"}],"about":[{"href":"https:\/\/www.sincomam.org.br\/index.php\/wp-json\/wp\/v2\/types\/post"}],"author":[{"embeddable":true,"href":"https:\/\/www.sincomam.org.br\/index.php\/wp-json\/wp\/v2\/users\/1527"}],"replies":[{"embeddable":true,"href":"https:\/\/www.sincomam.org.br\/index.php\/wp-json\/wp\/v2\/comments?post=50000"}],"version-history":[{"count":1,"href":"https:\/\/www.sincomam.org.br\/index.php\/wp-json\/wp\/v2\/posts\/50000\/revisions"}],"predecessor-version":[{"id":50003,"href":"https:\/\/www.sincomam.org.br\/index.php\/wp-json\/wp\/v2\/posts\/50000\/revisions\/50003"}],"wp:featuredmedia":[{"embeddable":true,"href":"https:\/\/www.sincomam.org.br\/index.php\/wp-json\/wp\/v2\/media\/50002"}],"wp:attachment":[{"href":"https:\/\/www.sincomam.org.br\/index.php\/wp-json\/wp\/v2\/media?parent=50000"}],"wp:term":[{"taxonomy":"category","embeddable":true,"href":"https:\/\/www.sincomam.org.br\/index.php\/wp-json\/wp\/v2\/categories?post=50000"},{"taxonomy":"post_tag","embeddable":true,"href":"https:\/\/www.sincomam.org.br\/index.php\/wp-json\/wp\/v2\/tags?post=50000"}],"curies":[{"name":"wp","href":"https:\/\/api.w.org\/{rel}","templated":true}]}}