{"id":49987,"date":"2024-02-21T11:41:18","date_gmt":"2024-02-21T14:41:18","guid":{"rendered":"http:\/\/www.sincomam.org.br\/?p=49987"},"modified":"2024-02-21T11:41:18","modified_gmt":"2024-02-21T14:41:18","slug":"portos-do-ceara-recebem-visita-da-antaq","status":"publish","type":"post","link":"https:\/\/www.sincomam.org.br\/index.php\/portos-do-ceara-recebem-visita-da-antaq\/","title":{"rendered":"Portos do Cear\u00e1 recebem visita da ANTAQ"},"content":{"rendered":"<p>Os portos de Fortaleza e do Pec\u00e9m, no Cear\u00e1, receberam a visita do diretor-geral da Ag\u00eancia Nacional de Transportes Aquavi\u00e1rios (ANTAQ), Eduardo Nery, na semana passada. Durante a visita t\u00e9cnica, Nery esteve com o diretor-presidente da Companhia Docas do Cear\u00e1 (CDC), L\u00facio Gomes, quando conheceu os projetos para 2024 e com o diretor-presidente do Complexo Industrial e Portu\u00e1rio do Pec\u00e9m para tratar dos projetos para o local, em especial a implanta\u00e7\u00e3o do hub de hidrog\u00eanio verde<\/p>\n<p>Al\u00e9m disso, o diretor da Ag\u00eancia esteve nas instala\u00e7\u00f5es do terminal de cont\u00eaineres da CMA Terminals e no terminal de gr\u00e3os da Tergran, no Porto de Fortaleza, e se reuniu com a diretoria da ArcelorMittal, sider\u00fargica instalada em Pec\u00e9m.<\/p>\n<p>De acordo com os n\u00fameros do Painel Estat\u00edstico Aquavi\u00e1rio de 2023, os dois portos juntos movimentaram 21,5 milh\u00f5es de toneladas de cargas, um crescimento de 1,36% em rela\u00e7\u00e3o ao ano passado.<\/p>\n<p>\u201cN\u00f3s, da ag\u00eancia reguladora, achamos importante ver de perto o funcionamento dos portos espalhados pelo Brasil. Nesta semana, pudemos conferir as opera\u00e7\u00f5es dos portos de Fortaleza e do Pec\u00e9m e entender o motivo do desempenho t\u00e3o positivo nos \u00faltimos anos\u201d, afirmou Nery.<\/p>\n<p>O Porto de Fortaleza movimentou, em 2023, 4,4 milh\u00f5es de toneladas, um crescimento de 3,85% em rela\u00e7\u00e3o ao ano de 2022. As cargas que puxaram esse crescimento foram as conteinerizadas com aumento de 52,54%, os gran\u00e9is l\u00edquidos com 1,28% na movimenta\u00e7\u00e3o de gran\u00e9is l\u00edquidos e de 0,76% para gran\u00e9is s\u00f3lidos.<\/p>\n<p>Por sua vez, o Porto de Pec\u00e9m apresentou movimenta\u00e7\u00e3o de 17,1 milh\u00f5es de toneladas (+0,74%), com destaque para as cargas conteinerizadas, que cresceram 10,32%, e para carga geral, que aumentou 14,02% no ano passado.<\/p>\n<p>Fonte: Antaq<\/p>\n","protected":false},"excerpt":{"rendered":"<p>Os portos de Fortaleza e do Pec\u00e9m, no Cear\u00e1, receberam a visita do diretor-geral da Ag\u00eancia Nacional de Transportes Aquavi\u00e1rios (ANTAQ), Eduardo Nery, na semana&#8230;<\/p>\n","protected":false},"author":1527,"featured_media":49988,"comment_status":"closed","ping_status":"closed","sticky":false,"template":"","format":"standard","meta":{"footnotes":""},"categories":[6],"tags":[],"class_list":["post-49987","post","type-post","status-publish","format-standard","has-post-thumbnail","hentry","category-noticias"],"_links":{"self":[{"href":"https:\/\/www.sincomam.org.br\/index.php\/wp-json\/wp\/v2\/posts\/49987","targetHints":{"allow":["GET"]}}],"collection":[{"href":"https:\/\/www.sincomam.org.br\/index.php\/wp-json\/wp\/v2\/posts"}],"about":[{"href":"https:\/\/www.sincomam.org.br\/index.php\/wp-json\/wp\/v2\/types\/post"}],"author":[{"embeddable":true,"href":"https:\/\/www.sincomam.org.br\/index.php\/wp-json\/wp\/v2\/users\/1527"}],"replies":[{"embeddable":true,"href":"https:\/\/www.sincomam.org.br\/index.php\/wp-json\/wp\/v2\/comments?post=49987"}],"version-history":[{"count":1,"href":"https:\/\/www.sincomam.org.br\/index.php\/wp-json\/wp\/v2\/posts\/49987\/revisions"}],"predecessor-version":[{"id":49989,"href":"https:\/\/www.sincomam.org.br\/index.php\/wp-json\/wp\/v2\/posts\/49987\/revisions\/49989"}],"wp:featuredmedia":[{"embeddable":true,"href":"https:\/\/www.sincomam.org.br\/index.php\/wp-json\/wp\/v2\/media\/49988"}],"wp:attachment":[{"href":"https:\/\/www.sincomam.org.br\/index.php\/wp-json\/wp\/v2\/media?parent=49987"}],"wp:term":[{"taxonomy":"category","embeddable":true,"href":"https:\/\/www.sincomam.org.br\/index.php\/wp-json\/wp\/v2\/categories?post=49987"},{"taxonomy":"post_tag","embeddable":true,"href":"https:\/\/www.sincomam.org.br\/index.php\/wp-json\/wp\/v2\/tags?post=49987"}],"curies":[{"name":"wp","href":"https:\/\/api.w.org\/{rel}","templated":true}]}}