{"id":49982,"date":"2024-02-21T10:49:07","date_gmt":"2024-02-21T13:49:07","guid":{"rendered":"http:\/\/www.sincomam.org.br\/?p=49982"},"modified":"2024-02-21T10:49:07","modified_gmt":"2024-02-21T13:49:07","slug":"ciclone-akara-desafia-navegantes-no-sul-do-brasil-prepare-se-para-condicoes-extremas","status":"publish","type":"post","link":"https:\/\/www.sincomam.org.br\/index.php\/ciclone-akara-desafia-navegantes-no-sul-do-brasil-prepare-se-para-condicoes-extremas\/","title":{"rendered":"Ciclone \u201cAkar\u00e1\u201d Desafia Navegantes no Sul do Brasil \u2013 Prepare-se para Condi\u00e7\u00f5es Extremas"},"content":{"rendered":"<p>A natureza mostra sua for\u00e7a imponente atrav\u00e9s de fen\u00f4menos meteorol\u00f3gicos que desafiam a humanidade a cada ocorr\u00eancia. No cora\u00e7\u00e3o deste contexto encontra-se o ciclone tropical \u201cAkar\u00e1\u201d, um visitante raro nas \u00e1guas sul-brasileiras que exige aten\u00e7\u00e3o redobrada dos navegantes. Este evento, reclassificado recentemente devido \u00e0 sua intensifica\u00e7\u00e3o, \u00e9 um lembrete da din\u00e2mica constante e muitas vezes imprevis\u00edvel do clima em nosso planeta.<\/p>\n<p><strong>O Fen\u00f4meno \u201cAkar\u00e1\u201d<\/strong><\/p>\n<p>Originalmente identificado como uma depress\u00e3o subtropical, o \u201cAkar\u00e1\u201d evoluiu para um ciclone tropical, um fen\u00f4meno que, embora raro no Brasil, carrega consigo a potencialidade de alterar significativamente as condi\u00e7\u00f5es mar\u00edtimas. Localizado a cerca de 650 km a sudeste de Florian\u00f3polis, o ciclone move-se lentamente para o sul, longe da costa, mas pr\u00f3ximo o suficiente para gerar preocupa\u00e7\u00f5es entre aqueles que se fazem ao mar.<\/p>\n<div class=\"td-a-rec td-a-rec-id-content_inline tdi_2 td_block_template_11\">\n<p><strong>A Vigil\u00e2ncia e Preven\u00e7\u00e3o<\/strong><\/p>\n<\/div>\n<p>O Centro de Hidrografia da Marinha, junto a institui\u00e7\u00f5es parceiras, monitora de perto o desenvolvimento do \u201cAkar\u00e1\u201d. Ferramentas como o aplicativo \u201cPrevis\u00e3o Ambiental Marinha (PAM)\u201d e o \u201cBoletim ao Mar\u201d s\u00e3o essenciais para que navegantes se mantenham informados e preparados. A recomenda\u00e7\u00e3o \u00e9 clara: cautela e aten\u00e7\u00e3o \u00e0s atualiza\u00e7\u00f5es s\u00e3o indispens\u00e1veis para garantir a seguran\u00e7a no mar.<\/p>\n<p>&nbsp;<\/p>\n<p>Fonte: Defesa em Foco<\/p>\n","protected":false},"excerpt":{"rendered":"<p>A natureza mostra sua for\u00e7a imponente atrav\u00e9s de fen\u00f4menos meteorol\u00f3gicos que desafiam a humanidade a cada ocorr\u00eancia. No cora\u00e7\u00e3o deste contexto encontra-se o ciclone tropical&#8230;<\/p>\n","protected":false},"author":1527,"featured_media":49983,"comment_status":"closed","ping_status":"closed","sticky":false,"template":"","format":"standard","meta":{"footnotes":""},"categories":[6],"tags":[],"class_list":["post-49982","post","type-post","status-publish","format-standard","has-post-thumbnail","hentry","category-noticias"],"_links":{"self":[{"href":"https:\/\/www.sincomam.org.br\/index.php\/wp-json\/wp\/v2\/posts\/49982","targetHints":{"allow":["GET"]}}],"collection":[{"href":"https:\/\/www.sincomam.org.br\/index.php\/wp-json\/wp\/v2\/posts"}],"about":[{"href":"https:\/\/www.sincomam.org.br\/index.php\/wp-json\/wp\/v2\/types\/post"}],"author":[{"embeddable":true,"href":"https:\/\/www.sincomam.org.br\/index.php\/wp-json\/wp\/v2\/users\/1527"}],"replies":[{"embeddable":true,"href":"https:\/\/www.sincomam.org.br\/index.php\/wp-json\/wp\/v2\/comments?post=49982"}],"version-history":[{"count":1,"href":"https:\/\/www.sincomam.org.br\/index.php\/wp-json\/wp\/v2\/posts\/49982\/revisions"}],"predecessor-version":[{"id":49984,"href":"https:\/\/www.sincomam.org.br\/index.php\/wp-json\/wp\/v2\/posts\/49982\/revisions\/49984"}],"wp:featuredmedia":[{"embeddable":true,"href":"https:\/\/www.sincomam.org.br\/index.php\/wp-json\/wp\/v2\/media\/49983"}],"wp:attachment":[{"href":"https:\/\/www.sincomam.org.br\/index.php\/wp-json\/wp\/v2\/media?parent=49982"}],"wp:term":[{"taxonomy":"category","embeddable":true,"href":"https:\/\/www.sincomam.org.br\/index.php\/wp-json\/wp\/v2\/categories?post=49982"},{"taxonomy":"post_tag","embeddable":true,"href":"https:\/\/www.sincomam.org.br\/index.php\/wp-json\/wp\/v2\/tags?post=49982"}],"curies":[{"name":"wp","href":"https:\/\/api.w.org\/{rel}","templated":true}]}}