{"id":49972,"date":"2024-02-20T10:52:31","date_gmt":"2024-02-20T13:52:31","guid":{"rendered":"http:\/\/www.sincomam.org.br\/?p=49972"},"modified":"2024-02-20T10:52:31","modified_gmt":"2024-02-20T13:52:31","slug":"brasil-ultrapassa-650-mil-casos-de-dengue","status":"publish","type":"post","link":"https:\/\/www.sincomam.org.br\/index.php\/brasil-ultrapassa-650-mil-casos-de-dengue\/","title":{"rendered":"Brasil ultrapassa 650 mil casos de dengue"},"content":{"rendered":"<p>Os casos de dengue no pa\u00eds j\u00e1 chegam a 653.656, conforme a atualiza\u00e7\u00e3o desta segunda-feira (19) do painel de monitoramento de arboviroses do Minist\u00e9rio da Sa\u00fade. S\u00e3o 321,9 casos por grupo de 100 mil habitantes.<img decoding=\"async\" src=\"https:\/\/agenciabrasil.ebc.com.br\/ebc.png?id=1581699&amp;o=node\" \/><img decoding=\"async\" src=\"https:\/\/agenciabrasil.ebc.com.br\/ebc.gif?id=1581699&amp;o=node\" \/><\/p>\n<p>De acordo com os dados, foram 113\u00a0mortes em decorr\u00eancia da doen\u00e7a e 438 \u00f3bitos est\u00e3o em investiga\u00e7\u00e3o.<\/p>\n<p>As mulheres respondem pela maioria das infec\u00e7\u00f5es (55%), enquanto os homens registram 45%. A faixa et\u00e1ria dos 30 aos 39 segue na lideran\u00e7a de casos de dengue, seguida pelo grupo de 40 a 49 anos e pelo grupo de 50 a 59 anos.<\/p>\n<p>O Distrito Federal registra, atualmente, o maior coeficiente de incid\u00eancia (2.405,6 casos por 100 mi habitantes), seguido por Minas Gerais (936,1), Acre (622,4), Paran\u00e1 (512,6) e Goi\u00e1s (487,6). Em n\u00famero de casos absolutos, Minas Gerais aparece em primeiro lugar \u00a0com 192.258 registros. Em seguida est\u00e3o S\u00e3o Paulo (90.408), Distrito Federal (67.768), Paran\u00e1 (58.660) e Rio de Janeiro (41.435).<\/p>\n<h2>Vacina\u00e7\u00e3o<\/h2>\n<p>A vacina\u00e7\u00e3o contra a dengue come\u00e7ou em pelo menos\u00a0seis\u00a0dos dez estados\u00a0selecionados pelo Minist\u00e9rio da Sa\u00fade para receberem o lote inicial de 712 mil doses. A distribui\u00e7\u00e3o das\u00a0vacinas contra a dengue para 315 munic\u00edpios iniciou no dia 8 de fevereiro.<img decoding=\"async\" src=\"file:\/\/\/C:\/Users\/CAROLI~1.PIM\/AppData\/Local\/Temp\/msohtmlclip1\/01\/clip_image001.png\" width=\"1\" height=\"1\" \/><img decoding=\"async\" src=\"file:\/\/\/C:\/Users\/CAROLI~1.PIM\/AppData\/Local\/Temp\/msohtmlclip1\/01\/clip_image001.png\" width=\"1\" height=\"1\" \/><\/p>\n<p>Segundo levantamento da\u00a0<strong>Ag\u00eancia Brasil<\/strong>, a vacina\u00e7\u00e3o foi iniciada no Distrito Federal e em Goi\u00e1s, duas das regi\u00f5es com maiores \u00edndices de contamina\u00e7\u00e3o, e tamb\u00e9m nas capitais Campo Grande (MS), Salvador (BA), S\u00e3o Lu\u00eds (MA) e Rio Branco (AC). Em Natal (RN) e Jo\u00e3o Pessoa (PB), a previs\u00e3o de in\u00edcio da vacina\u00e7\u00e3o \u00e9 nesta segunda-feira (19).<\/p>\n<p>No estado de S\u00e3o Paulo, o\u00a0munic\u00edpio de Itaquaquecetuba, pertencente \u00e0 regi\u00e3o metropolitana de S\u00e3o Paulo e \u00e0 do Alto Tiet\u00ea,\u00a0iniciou\u00a0nesta segunda-feira (19) a\u00a0vacina\u00e7\u00e3o.<\/p>\n<p>O estado do Amazonas ainda n\u00e3o informou quando ir\u00e1 come\u00e7ar a imuniza\u00e7\u00e3o.<\/p>\n<p>&nbsp;<\/p>\n<p>Fonte: Ag\u00eancia Brasil<\/p>\n<p>&nbsp;<\/p>\n","protected":false},"excerpt":{"rendered":"<p>Os casos de dengue no pa\u00eds j\u00e1 chegam a 653.656, conforme a atualiza\u00e7\u00e3o desta segunda-feira (19) do painel de monitoramento de arboviroses do Minist\u00e9rio da&#8230;<\/p>\n","protected":false},"author":1527,"featured_media":49973,"comment_status":"closed","ping_status":"closed","sticky":false,"template":"","format":"standard","meta":{"footnotes":""},"categories":[6],"tags":[],"class_list":["post-49972","post","type-post","status-publish","format-standard","has-post-thumbnail","hentry","category-noticias"],"_links":{"self":[{"href":"https:\/\/www.sincomam.org.br\/index.php\/wp-json\/wp\/v2\/posts\/49972","targetHints":{"allow":["GET"]}}],"collection":[{"href":"https:\/\/www.sincomam.org.br\/index.php\/wp-json\/wp\/v2\/posts"}],"about":[{"href":"https:\/\/www.sincomam.org.br\/index.php\/wp-json\/wp\/v2\/types\/post"}],"author":[{"embeddable":true,"href":"https:\/\/www.sincomam.org.br\/index.php\/wp-json\/wp\/v2\/users\/1527"}],"replies":[{"embeddable":true,"href":"https:\/\/www.sincomam.org.br\/index.php\/wp-json\/wp\/v2\/comments?post=49972"}],"version-history":[{"count":1,"href":"https:\/\/www.sincomam.org.br\/index.php\/wp-json\/wp\/v2\/posts\/49972\/revisions"}],"predecessor-version":[{"id":49974,"href":"https:\/\/www.sincomam.org.br\/index.php\/wp-json\/wp\/v2\/posts\/49972\/revisions\/49974"}],"wp:featuredmedia":[{"embeddable":true,"href":"https:\/\/www.sincomam.org.br\/index.php\/wp-json\/wp\/v2\/media\/49973"}],"wp:attachment":[{"href":"https:\/\/www.sincomam.org.br\/index.php\/wp-json\/wp\/v2\/media?parent=49972"}],"wp:term":[{"taxonomy":"category","embeddable":true,"href":"https:\/\/www.sincomam.org.br\/index.php\/wp-json\/wp\/v2\/categories?post=49972"},{"taxonomy":"post_tag","embeddable":true,"href":"https:\/\/www.sincomam.org.br\/index.php\/wp-json\/wp\/v2\/tags?post=49972"}],"curies":[{"name":"wp","href":"https:\/\/api.w.org\/{rel}","templated":true}]}}