{"id":49947,"date":"2024-02-19T10:55:03","date_gmt":"2024-02-19T13:55:03","guid":{"rendered":"http:\/\/www.sincomam.org.br\/?p=49947"},"modified":"2024-02-19T10:55:03","modified_gmt":"2024-02-19T13:55:03","slug":"lula-quer-alianca-de-america-latina-e-africa-em-transicao-energetica","status":"publish","type":"post","link":"https:\/\/www.sincomam.org.br\/index.php\/lula-quer-alianca-de-america-latina-e-africa-em-transicao-energetica\/","title":{"rendered":"Lula quer alian\u00e7a de Am\u00e9rica Latina e \u00c1frica em transi\u00e7\u00e3o energ\u00e9tica"},"content":{"rendered":"<p>O presidente Luiz In\u00e1cio Lula da Silva fez neste domingo (18) um balan\u00e7o da visita ao continente africano e descreveu a viagem como uma das mais importantes j\u00e1 realizadas por ele. \u201cPara mim, essa \u00e9 uma das viagens mais importantes que eu fiz e certamente de todas que eu farei. Essa continua sendo uma reuni\u00e3o extremamente importante porque eu pude falar para quase a totalidade dos pa\u00edses africanos de uma \u00fanica vez\u201d, ressaltou.<img decoding=\"async\" src=\"https:\/\/agenciabrasil.ebc.com.br\/ebc.png?id=1581561&amp;o=node\" \/><img decoding=\"async\" src=\"https:\/\/agenciabrasil.ebc.com.br\/ebc.gif?id=1581561&amp;o=node\" \/><\/p>\n<p>&#8220;O continente africano faz parte da nossa hist\u00f3ria, faz parte da nossa cultura, faz parte do nosso jeito de ser, de falar, do nosso jeito de cantar, faz parte da nossa cor, mas tamb\u00e9m porque o continente africano \u00e9 um espa\u00e7o extraordin\u00e1rio de futuro.&#8221;<\/p>\n<p>Lula defendeu uma forte alian\u00e7a entre os pa\u00edses da Am\u00e9rica Latina e da \u00c1frica em torno da agenda de transi\u00e7\u00e3o energ\u00e9tica. A agricultura saud\u00e1vel tamb\u00e9m est\u00e1 entre os eixos priorit\u00e1rios para alian\u00e7as entre as duas regi\u00f5es.<\/p>\n<p>&#8220;Quando n\u00f3s falamos de transi\u00e7\u00e3o energ\u00e9tica, quando n\u00f3s falamos de agricultura e baixo carbono, a gente olha o mapa do mundo e a gente v\u00ea dois espa\u00e7os extraordin\u00e1rios. Um \u00e9 no continente latino-americano e outro \u00e9 no continente africano, com a quantidade exuberante e milh\u00f5es de hectares de terras a serem exploradas para a gente produzir&#8221;, destacou o presidente.<\/p>\n<p>Em entrevista coletiva \u00e0 imprensa, Lula tamb\u00e9m voltou a reconhecer a &#8220;d\u00edvida hist\u00f3rica&#8221; com os pa\u00edses africanos e se comprometeu a investir em parcerias para impulsionar o desenvolvimento do continente.<\/p>\n<p>&#8220;A gente quer devolver para eles em forma de benef\u00edcio, de possibilidade de desenvolvimento, aquilo que eles nos deram como for\u00e7a de trabalho. \u00c9 um compromisso de f\u00e9.&#8221;<\/p>\n<p>&nbsp;<\/p>\n<p>Fonte: Ag\u00eancia Brasil<\/p>\n","protected":false},"excerpt":{"rendered":"<p>O presidente Luiz In\u00e1cio Lula da Silva fez neste domingo (18) um balan\u00e7o da visita ao continente africano e descreveu a viagem como uma das&#8230;<\/p>\n","protected":false},"author":1527,"featured_media":49948,"comment_status":"closed","ping_status":"closed","sticky":false,"template":"","format":"standard","meta":{"footnotes":""},"categories":[6],"tags":[],"class_list":["post-49947","post","type-post","status-publish","format-standard","has-post-thumbnail","hentry","category-noticias"],"_links":{"self":[{"href":"https:\/\/www.sincomam.org.br\/index.php\/wp-json\/wp\/v2\/posts\/49947","targetHints":{"allow":["GET"]}}],"collection":[{"href":"https:\/\/www.sincomam.org.br\/index.php\/wp-json\/wp\/v2\/posts"}],"about":[{"href":"https:\/\/www.sincomam.org.br\/index.php\/wp-json\/wp\/v2\/types\/post"}],"author":[{"embeddable":true,"href":"https:\/\/www.sincomam.org.br\/index.php\/wp-json\/wp\/v2\/users\/1527"}],"replies":[{"embeddable":true,"href":"https:\/\/www.sincomam.org.br\/index.php\/wp-json\/wp\/v2\/comments?post=49947"}],"version-history":[{"count":1,"href":"https:\/\/www.sincomam.org.br\/index.php\/wp-json\/wp\/v2\/posts\/49947\/revisions"}],"predecessor-version":[{"id":49949,"href":"https:\/\/www.sincomam.org.br\/index.php\/wp-json\/wp\/v2\/posts\/49947\/revisions\/49949"}],"wp:featuredmedia":[{"embeddable":true,"href":"https:\/\/www.sincomam.org.br\/index.php\/wp-json\/wp\/v2\/media\/49948"}],"wp:attachment":[{"href":"https:\/\/www.sincomam.org.br\/index.php\/wp-json\/wp\/v2\/media?parent=49947"}],"wp:term":[{"taxonomy":"category","embeddable":true,"href":"https:\/\/www.sincomam.org.br\/index.php\/wp-json\/wp\/v2\/categories?post=49947"},{"taxonomy":"post_tag","embeddable":true,"href":"https:\/\/www.sincomam.org.br\/index.php\/wp-json\/wp\/v2\/tags?post=49947"}],"curies":[{"name":"wp","href":"https:\/\/api.w.org\/{rel}","templated":true}]}}