{"id":49940,"date":"2024-02-19T08:33:34","date_gmt":"2024-02-19T11:33:34","guid":{"rendered":"http:\/\/www.sincomam.org.br\/?p=49940"},"modified":"2024-02-19T08:33:34","modified_gmt":"2024-02-19T11:33:34","slug":"ouro-branco-celebra-300-anos-de-historia-com-tributo-a-marinha-mineira","status":"publish","type":"post","link":"https:\/\/www.sincomam.org.br\/index.php\/ouro-branco-celebra-300-anos-de-historia-com-tributo-a-marinha-mineira\/","title":{"rendered":"Ouro Branco Celebra 300 Anos de Hist\u00f3ria com Tributo \u00e0 Marinha Mineira"},"content":{"rendered":"<p>Ouro Branco, uma joia incrustada no cora\u00e7\u00e3o de Minas Gerais, celebrou um marco impressionante de 300 anos de funda\u00e7\u00e3o e 70 anos de emancipa\u00e7\u00e3o pol\u00edtica neste 16 de fevereiro. A cidade, conhecida por sua rica hist\u00f3ria e beleza natural, realizou uma cerim\u00f4nia simb\u00f3lica que reflete n\u00e3o apenas seu passado glorioso, mas tamb\u00e9m sua vis\u00e3o inovadora para o futuro. Esta comemora\u00e7\u00e3o serve como um lembrete vivo de como tradi\u00e7\u00e3o e inova\u00e7\u00e3o podem caminhar juntas, criando um tecido social rico e diversificado.<\/p>\n<p><strong>Homenagem \u00e0 Marinha Mineira<\/strong><\/p>\n<p>A presen\u00e7a de dois jovens marinheiros, vestidos como \u201cMarinheiros Imperiais\u201d, na solenidade, n\u00e3o foi apenas um gesto de reconhecimento pelo papel hist\u00f3rico da Marinha Brasileira na prosperidade de Ouro Branco, mas tamb\u00e9m uma ponte visual entre o passado, o presente e o futuro. A homenagem estendeu-se a figuras not\u00e1veis como o Capit\u00e3o de Mar e Guerra da Reserva Fuzileiro Naval Silvio Aderne e o Tenente-Coronel Rubem do Ex\u00e9rcito Brasileiro, sublinhando a import\u00e2ncia da coopera\u00e7\u00e3o militar no desenvolvimento da cidade.<\/p>\n<div class=\"td-a-rec td-a-rec-id-content_inline tdi_2 td_block_template_11\">\n<p><strong>Celebra\u00e7\u00e3o da Comunidade e Lideran\u00e7as<\/strong><\/p>\n<\/div>\n<p>A cerim\u00f4nia principal, realizada no audit\u00f3rio Fernando de Oliveira Silva, foi um ponto de encontro para moradores, l\u00edderes pol\u00edticos, culturais, sociais e religiosos, al\u00e9m de representantes empresariais. O evento destacou a uni\u00e3o e o orgulho comunit\u00e1rio, com a entrega da Comenda Dom Louren\u00e7o de Almeida a diversas autoridades e personalidades, simbolizando o reconhecimento de contribui\u00e7\u00f5es significativas para o munic\u00edpio.<\/p>\n<p><strong>Compromisso com a Sustentabilidade<\/strong><\/p>\n<p>A declara\u00e7\u00e3o do prefeito H\u00e9lio Campos sobre o foco de Ouro Branco nos princ\u00edpios ESG e pelos Objetivos de Desenvolvimento Sustent\u00e1vel da ONU destaca uma dire\u00e7\u00e3o progressista para a cidade. Este compromisso com a gest\u00e3o fiscal respons\u00e1vel e o desenvolvimento sustent\u00e1vel n\u00e3o apenas posiciona Ouro Branco como l\u00edder em Minas Gerais mas tamb\u00e9m como um exemplo para outras cidades brasileiras seguirem.<\/p>\n<p><strong>Um Ano de Celebra\u00e7\u00f5es e Proje\u00e7\u00f5es Futuras<\/strong><\/p>\n<p>A oblitera\u00e7\u00e3o do selo especial dos 300 anos de Ouro Branco marca o in\u00edcio de um ano de celebra\u00e7\u00f5es, com a administra\u00e7\u00e3o municipal aproveitando este momento hist\u00f3rico para reafirmar seu compromisso com a inova\u00e7\u00e3o, a sustentabilidade e o desenvolvimento socioecon\u00f4mico. Este evento n\u00e3o \u00e9 apenas um reflexo da rica tape\u00e7aria hist\u00f3rica de Ouro Branco, mas tamb\u00e9m um olhar para o futuro, onde tradi\u00e7\u00e3o e progresso coexistem, promovendo uma vis\u00e3o de prosperidade e bem-estar para todos os seus habitantes.<\/p>\n<p>&nbsp;<\/p>\n<p>Fonte: Defesa em Foco<\/p>\n","protected":false},"excerpt":{"rendered":"<p>Ouro Branco, uma joia incrustada no cora\u00e7\u00e3o de Minas Gerais, celebrou um marco impressionante de 300 anos de funda\u00e7\u00e3o e 70 anos de emancipa\u00e7\u00e3o pol\u00edtica&#8230;<\/p>\n","protected":false},"author":1527,"featured_media":49941,"comment_status":"closed","ping_status":"closed","sticky":false,"template":"","format":"standard","meta":{"footnotes":""},"categories":[6],"tags":[],"class_list":["post-49940","post","type-post","status-publish","format-standard","has-post-thumbnail","hentry","category-noticias"],"_links":{"self":[{"href":"https:\/\/www.sincomam.org.br\/index.php\/wp-json\/wp\/v2\/posts\/49940","targetHints":{"allow":["GET"]}}],"collection":[{"href":"https:\/\/www.sincomam.org.br\/index.php\/wp-json\/wp\/v2\/posts"}],"about":[{"href":"https:\/\/www.sincomam.org.br\/index.php\/wp-json\/wp\/v2\/types\/post"}],"author":[{"embeddable":true,"href":"https:\/\/www.sincomam.org.br\/index.php\/wp-json\/wp\/v2\/users\/1527"}],"replies":[{"embeddable":true,"href":"https:\/\/www.sincomam.org.br\/index.php\/wp-json\/wp\/v2\/comments?post=49940"}],"version-history":[{"count":1,"href":"https:\/\/www.sincomam.org.br\/index.php\/wp-json\/wp\/v2\/posts\/49940\/revisions"}],"predecessor-version":[{"id":49942,"href":"https:\/\/www.sincomam.org.br\/index.php\/wp-json\/wp\/v2\/posts\/49940\/revisions\/49942"}],"wp:featuredmedia":[{"embeddable":true,"href":"https:\/\/www.sincomam.org.br\/index.php\/wp-json\/wp\/v2\/media\/49941"}],"wp:attachment":[{"href":"https:\/\/www.sincomam.org.br\/index.php\/wp-json\/wp\/v2\/media?parent=49940"}],"wp:term":[{"taxonomy":"category","embeddable":true,"href":"https:\/\/www.sincomam.org.br\/index.php\/wp-json\/wp\/v2\/categories?post=49940"},{"taxonomy":"post_tag","embeddable":true,"href":"https:\/\/www.sincomam.org.br\/index.php\/wp-json\/wp\/v2\/tags?post=49940"}],"curies":[{"name":"wp","href":"https:\/\/api.w.org\/{rel}","templated":true}]}}