{"id":49937,"date":"2024-02-19T08:32:20","date_gmt":"2024-02-19T11:32:20","guid":{"rendered":"http:\/\/www.sincomam.org.br\/?p=49937"},"modified":"2024-02-19T08:32:20","modified_gmt":"2024-02-19T11:32:20","slug":"canal-do-panama-investira-mais-em-sustentabilidade","status":"publish","type":"post","link":"https:\/\/www.sincomam.org.br\/index.php\/canal-do-panama-investira-mais-em-sustentabilidade\/","title":{"rendered":"Canal do Panam\u00e1 investir\u00e1 mais em sustentabilidade"},"content":{"rendered":"<p>Em resposta \u00e0 intensifica\u00e7\u00e3o dos impactos das altera\u00e7\u00f5es clim\u00e1ticas, a Autoridade do Canal do Panam\u00e1 revelou uma mudan\u00e7a nas prioridades de investimento, sublinhando o compromisso de canalizar mais capital para iniciativas de sustentabilidade.<\/p>\n<p>Foram reservados US$ 8,5 bilh\u00f5es para investimentos de capital. E uma grande parte desse valor destina-se a iniciativas de descarboniza\u00e7\u00e3o, ultrapassando o investimento feito na expans\u00e3o inovadora anterior da hidrovia.<\/p>\n<p>\u201cPlanejamos incorporar a sustentabilidade em investimentos de capital no valor de mais de 8,5 mil milh\u00f5es de d\u00f3lares nos pr\u00f3ximos cinco anos, ultrapassando os US$ 5,4 bilh\u00f5es exigidos pelo Programa de Expans\u00e3o do Canal do Panam\u00e1\u201d, afirmou a autoridade do canal.<\/p>\n<div id=\"beacon_42cf5564a8\"><\/div>\n<p>O canal passou por uma expans\u00e3o hist\u00f3rica com a introdu\u00e7\u00e3o de novas eclusas em 2016, um esfor\u00e7o colossal para acomodar navios maiores e aumentar a capacidade global de tr\u00e2nsito.<\/p>\n<p>Desse montante, a maior parte (US$ 3,5 bilh\u00f5es) ser\u00e1 destinada a infraestruturas e equipamentos, incluindo a instala\u00e7\u00e3o de uma central fotovoltaica e a compra de ve\u00edculos el\u00e9tricos e rebocadores h\u00edbridos.<\/p>\n<p>Mais de US$ 2 bilh\u00f5es ser\u00e3o dedicados a novas iniciativas centradas na sustentabilidade. A implementa\u00e7\u00e3o de um sistema de gest\u00e3o da \u00e1gua mais robusto tamb\u00e9m dever\u00e1 exigir um investimento adicional US$ 2 bilh\u00f5es. Os fundos restantes, de mais de US$ 1 bilh\u00e3o, apoiar\u00e3o a transforma\u00e7\u00e3o digital e melhorias focadas na descarboniza\u00e7\u00e3o na hidrovia.<\/p>\n<p>A autoridade do canal trabalha com o Banco Mundial e a Corpora\u00e7\u00e3o Financeira Internacional (IFC) num invent\u00e1rio de emiss\u00f5es de gases com efeito de estufa. A expectativa \u00e9 que o invent\u00e1rio seja publicado dentro de seis meses.<\/p>\n<p>Ainda este ano, o canal espera concluir uma avalia\u00e7\u00e3o de risco clim\u00e1tico e comprometer-se com a iniciativa Science Based Targets (SBTi), que abrange metas de redu\u00e7\u00e3o de curto e m\u00e9dio prazo. Isto preparar\u00e1 o terreno para a implementa\u00e7\u00e3o de a\u00e7\u00f5es mais agressivas para cumprir as metas. O objetivo geral \u00e9 atingir zero emiss\u00f5es l\u00edquidas de carbono at\u00e9 2050.<\/p>\n<p>\u201cPara atingir esta meta, prosseguiremos a\u00e7\u00f5es e envolvimento significativos, trabalhando com toda a cadeia de valor mar\u00edtima para criar um ambiente prop\u00edcio para opera\u00e7\u00f5es e desenvolvimento resilientes \u00e0s altera\u00e7\u00f5es clim\u00e1ticas. Ao transformar o nosso neg\u00f3cio, estamos confiantes de que permitiremos que os nossos clientes e funcion\u00e1rios tamb\u00e9m se transformem, permitindo que todos superem os riscos clim\u00e1ticos e tenham sucesso numa nova economia clim\u00e1tica\u201d, afirmou a autoridade do canal.<\/p>\n<p>No ano passado, confrontado com a seca, o canal ajustou os tr\u00e2nsitos di\u00e1rios para encontrar um equil\u00edbrio entre o atendimento ao cliente e a salvaguarda do abastecimento de \u00e1gua aos panamenhos.<\/p>\n<p>Em 3 de outubro de 2023, o reservat\u00f3rio de Gat\u00fan enfrentou um d\u00e9ficit di\u00e1rio de tr\u00eas milh\u00f5es de metros c\u00fabicos devido \u00e0 baixa pluviosidade. Em 31 de outubro, os tr\u00e2nsitos di\u00e1rios foram gradualmente reduzidos para conservar \u00e1gua em meio ao outubro mais seco j\u00e1 registrado. No entanto, at\u00e9 15 de dezembro, as medidas de poupan\u00e7a de \u00e1gua e a melhoria das chuvas permitiram um aumento nos tr\u00e2nsitos di\u00e1rios para 24 em meados de Janeiro.<\/p>\n<p>&nbsp;<\/p>\n<p>Fonte: Portos e Navios<\/p>\n","protected":false},"excerpt":{"rendered":"<p>Em resposta \u00e0 intensifica\u00e7\u00e3o dos impactos das altera\u00e7\u00f5es clim\u00e1ticas, a Autoridade do Canal do Panam\u00e1 revelou uma mudan\u00e7a nas prioridades de investimento, sublinhando o compromisso&#8230;<\/p>\n","protected":false},"author":1527,"featured_media":49938,"comment_status":"closed","ping_status":"closed","sticky":false,"template":"","format":"standard","meta":{"footnotes":""},"categories":[6],"tags":[],"class_list":["post-49937","post","type-post","status-publish","format-standard","has-post-thumbnail","hentry","category-noticias"],"_links":{"self":[{"href":"https:\/\/www.sincomam.org.br\/index.php\/wp-json\/wp\/v2\/posts\/49937","targetHints":{"allow":["GET"]}}],"collection":[{"href":"https:\/\/www.sincomam.org.br\/index.php\/wp-json\/wp\/v2\/posts"}],"about":[{"href":"https:\/\/www.sincomam.org.br\/index.php\/wp-json\/wp\/v2\/types\/post"}],"author":[{"embeddable":true,"href":"https:\/\/www.sincomam.org.br\/index.php\/wp-json\/wp\/v2\/users\/1527"}],"replies":[{"embeddable":true,"href":"https:\/\/www.sincomam.org.br\/index.php\/wp-json\/wp\/v2\/comments?post=49937"}],"version-history":[{"count":1,"href":"https:\/\/www.sincomam.org.br\/index.php\/wp-json\/wp\/v2\/posts\/49937\/revisions"}],"predecessor-version":[{"id":49939,"href":"https:\/\/www.sincomam.org.br\/index.php\/wp-json\/wp\/v2\/posts\/49937\/revisions\/49939"}],"wp:featuredmedia":[{"embeddable":true,"href":"https:\/\/www.sincomam.org.br\/index.php\/wp-json\/wp\/v2\/media\/49938"}],"wp:attachment":[{"href":"https:\/\/www.sincomam.org.br\/index.php\/wp-json\/wp\/v2\/media?parent=49937"}],"wp:term":[{"taxonomy":"category","embeddable":true,"href":"https:\/\/www.sincomam.org.br\/index.php\/wp-json\/wp\/v2\/categories?post=49937"},{"taxonomy":"post_tag","embeddable":true,"href":"https:\/\/www.sincomam.org.br\/index.php\/wp-json\/wp\/v2\/tags?post=49937"}],"curies":[{"name":"wp","href":"https:\/\/api.w.org\/{rel}","templated":true}]}}