{"id":49903,"date":"2024-02-16T10:44:48","date_gmt":"2024-02-16T13:44:48","guid":{"rendered":"http:\/\/www.sincomam.org.br\/?p=49903"},"modified":"2024-02-16T10:44:48","modified_gmt":"2024-02-16T13:44:48","slug":"maersk-afirma-que-desvios-de-navios-no-mar-vermelho-seguem-ate-segundo-semestre","status":"publish","type":"post","link":"https:\/\/www.sincomam.org.br\/index.php\/maersk-afirma-que-desvios-de-navios-no-mar-vermelho-seguem-ate-segundo-semestre\/","title":{"rendered":"Maersk afirma que desvios de navios no Mar Vermelho seguem at\u00e9 segundo semestre"},"content":{"rendered":"<p>A AP Moller-Maersk, segunda maior transportadora mar\u00edtima global, alerta os clientes que a crise no Mar Vermelho poder\u00e1 estender-se at\u00e9 o segundo semestre.<\/p>\n<p>\u201cInfelizmente, n\u00e3o vemos nenhuma mudan\u00e7a no Mar Vermelho acontecendo t\u00e3o cedo\u201d, disse Charles van der Steene, presidente regional da Maersk North America. Segundo ele, as rotas de tr\u00e2nsito mais longas podem durar at\u00e9 o segundo e potencialmente o terceiro trimestre.<\/p>\n<p>Em 5 de janeiro, a Maersk anunciou que estava suspendendo as viagens atrav\u00e9s do Mar Vermelho e do Golfo de Aden ap\u00f3s ataque ao navio &#8220;Maersk Hangzhou&#8221;.<\/p>\n<div id=\"beacon_7bc018b721\"><\/div>\n<p>Os tr\u00e2nsitos mais longos em torno do Cabo da Boa Esperan\u00e7a atrasam a chegada dos navios vazios que regressam \u00e0 \u00c1sia.<\/p>\n<p>Para manter o fluxo comercial em movimento, disse van der Steene \u00e0 CNBC, a Maersk adicionou cerca de 6% de capacidade extra de navio \u00e0 sua programa\u00e7\u00e3o, aumentando os custos operacionais. Durante a sua recente teleconfer\u00eancia de resultados, os executivos da Maersk assinalaram \u201celevada incerteza\u201d nas suas perspectivas de lucros para 2024, citando as perturba\u00e7\u00f5es no Mar Vermelho e um excesso de oferta de navios de transporte.<\/p>\n<p>Fonte: Portos e Navios<\/p>\n","protected":false},"excerpt":{"rendered":"<p>A AP Moller-Maersk, segunda maior transportadora mar\u00edtima global, alerta os clientes que a crise no Mar Vermelho poder\u00e1 estender-se at\u00e9 o segundo semestre. \u201cInfelizmente, n\u00e3o&#8230;<\/p>\n","protected":false},"author":1527,"featured_media":49904,"comment_status":"closed","ping_status":"closed","sticky":false,"template":"","format":"standard","meta":{"footnotes":""},"categories":[6],"tags":[],"class_list":["post-49903","post","type-post","status-publish","format-standard","has-post-thumbnail","hentry","category-noticias"],"_links":{"self":[{"href":"https:\/\/www.sincomam.org.br\/index.php\/wp-json\/wp\/v2\/posts\/49903","targetHints":{"allow":["GET"]}}],"collection":[{"href":"https:\/\/www.sincomam.org.br\/index.php\/wp-json\/wp\/v2\/posts"}],"about":[{"href":"https:\/\/www.sincomam.org.br\/index.php\/wp-json\/wp\/v2\/types\/post"}],"author":[{"embeddable":true,"href":"https:\/\/www.sincomam.org.br\/index.php\/wp-json\/wp\/v2\/users\/1527"}],"replies":[{"embeddable":true,"href":"https:\/\/www.sincomam.org.br\/index.php\/wp-json\/wp\/v2\/comments?post=49903"}],"version-history":[{"count":1,"href":"https:\/\/www.sincomam.org.br\/index.php\/wp-json\/wp\/v2\/posts\/49903\/revisions"}],"predecessor-version":[{"id":49905,"href":"https:\/\/www.sincomam.org.br\/index.php\/wp-json\/wp\/v2\/posts\/49903\/revisions\/49905"}],"wp:featuredmedia":[{"embeddable":true,"href":"https:\/\/www.sincomam.org.br\/index.php\/wp-json\/wp\/v2\/media\/49904"}],"wp:attachment":[{"href":"https:\/\/www.sincomam.org.br\/index.php\/wp-json\/wp\/v2\/media?parent=49903"}],"wp:term":[{"taxonomy":"category","embeddable":true,"href":"https:\/\/www.sincomam.org.br\/index.php\/wp-json\/wp\/v2\/categories?post=49903"},{"taxonomy":"post_tag","embeddable":true,"href":"https:\/\/www.sincomam.org.br\/index.php\/wp-json\/wp\/v2\/tags?post=49903"}],"curies":[{"name":"wp","href":"https:\/\/api.w.org\/{rel}","templated":true}]}}