{"id":49889,"date":"2024-02-15T11:42:18","date_gmt":"2024-02-15T14:42:18","guid":{"rendered":"http:\/\/www.sincomam.org.br\/?p=49889"},"modified":"2024-02-15T11:42:18","modified_gmt":"2024-02-15T14:42:18","slug":"inss-comeca-a-pagar-beneficios-de-fevereiro-a-partir-do-dia-23","status":"publish","type":"post","link":"https:\/\/www.sincomam.org.br\/index.php\/inss-comeca-a-pagar-beneficios-de-fevereiro-a-partir-do-dia-23\/","title":{"rendered":"INSS come\u00e7a a pagar benef\u00edcios de fevereiro a partir do dia 23"},"content":{"rendered":"<p>O Instituto Nacional do Seguro Social (INSS) come\u00e7a a pagar o benef\u00edcio de fevereiro a aposentados e pensionistas a partir do dia 23 de fevereiro, para quem ganha at\u00e9 um sal\u00e1rio m\u00ednimo.\u00a0<img decoding=\"async\" src=\"https:\/\/agenciabrasil.ebc.com.br\/ebc.png?id=1581073&amp;o=node\" \/><img decoding=\"async\" src=\"https:\/\/agenciabrasil.ebc.com.br\/ebc.gif?id=1581073&amp;o=node\" \/><\/p>\n<p>Os pagamentos seguem at\u00e9 7 de mar\u00e7o. A ordem dos dep\u00f3sitos leva em conta o n\u00famero final do cart\u00e3o do benef\u00edcio, sem considerar o \u00faltimo d\u00edgito verificador, que fica depois do tra\u00e7o.<\/p>\n<p>Recebem primeiro os aposentados e pensionistas com benef\u00edcio com d\u00edgito final 1.<\/p>\n<p>Neste ano, o sal\u00e1rio m\u00ednimo foi reajustada para R$ 1.412. Para quem recebe acima de um sal\u00e1rio m\u00ednimo, os pagamentos come\u00e7am em 1\u00ba de mar\u00e7o e seguem at\u00e9 7 de mar\u00e7o. Nesse caso, o teto para benef\u00edcios pagos pelo INSS encontra-se em R$ 7.786,01.<\/p>\n<p>Atualmente, o INSS paga todo m\u00eas mais de 39 milh\u00f5es de benef\u00edcios, dos quais 33,3 milh\u00f5es benef\u00edcios previdenci\u00e1rios e 5,6 milh\u00f5es em assistenciais. Os n\u00fameros se referem \u00e0 folha de pagamento de novembro, dados mais recentes j\u00e1 divulgados, e podem oscilar m\u00eas a m\u00eas.<\/p>\n<p>Os valores a receber do INSS podem ser conferidos pelos benefici\u00e1rios na internet, por meio do Meu Inss, seja no computador,\u00a0<a href=\"https:\/\/meu.inss.gov.br\/\" target=\"_blank\" rel=\"noopener\">pelo site<\/a>\u00a0ou pelo aplicativo para celular.<\/p>\n<p>Quem n\u00e3o tiver acesso \u00e0 internet pode ligar para a central 135 e fornecer o n\u00famero do CPF. Em seguida ser\u00e3o confirmadas informa\u00e7\u00f5es de cadastro para evitar fraudes. O atendimento est\u00e1 dispon\u00edvel de segunda-feira a s\u00e1bado, das 7h \u00e0s 22h.<\/p>\n<p>Confira abaixo as datas para os pagamentos referentes ao m\u00eas de fevereiro:<\/p>\n<p><strong>At\u00e9 um sal\u00e1rio m\u00ednimo:<\/strong><\/p>\n<p>23 de fevereiro &#8211; cart\u00e3o de final 1<\/p>\n<p>26 de fevereiro &#8211; cart\u00e3o de final 2<\/p>\n<p>27 de fevereiro &#8211; cart\u00e3o de final 3<\/p>\n<p>28 de fevereiro &#8211; cart\u00e3o de final 4<\/p>\n<p>29 de fevereiro &#8211; cart\u00e3o de final 5<\/p>\n<p>1\u00ba de mar\u00e7o &#8211; cart\u00e3o de final 6<\/p>\n<p>4 de mar\u00e7o &#8211; cart\u00e3o de final 7<\/p>\n<p>5 de mar\u00e7o &#8211; cart\u00e3o de final 8<\/p>\n<p>6 de mar\u00e7o &#8211; cart\u00e3o de final 9<\/p>\n<p>7 de mar\u00e7o &#8211; cart\u00e3o de final 0<\/p>\n<p><strong>Mais de um sal\u00e1rio m\u00ednimo:<\/strong><\/p>\n<p>1\u00ba de mar\u00e7o &#8211; cart\u00e3o de final 1 e 6<\/p>\n<p>4 de mar\u00e7o &#8211; cart\u00e3o de final 2 e 7<\/p>\n<p>5 de mar\u00e7o &#8211; cart\u00e3o de final 3 e 8<\/p>\n<p>6 de mar\u00e7o &#8211; cart\u00e3o de final 4 e 9<\/p>\n<p>7 de mar\u00e7o &#8211; cart\u00e3o de final 5 e 0<\/p>\n<p>&nbsp;<\/p>\n<p>Fonte: Ag\u00eancia Brasil<\/p>\n","protected":false},"excerpt":{"rendered":"<p>O Instituto Nacional do Seguro Social (INSS) come\u00e7a a pagar o benef\u00edcio de fevereiro a aposentados e pensionistas a partir do dia 23 de fevereiro,&#8230;<\/p>\n","protected":false},"author":1527,"featured_media":49890,"comment_status":"closed","ping_status":"closed","sticky":false,"template":"","format":"standard","meta":{"footnotes":""},"categories":[6],"tags":[],"class_list":["post-49889","post","type-post","status-publish","format-standard","has-post-thumbnail","hentry","category-noticias"],"_links":{"self":[{"href":"https:\/\/www.sincomam.org.br\/index.php\/wp-json\/wp\/v2\/posts\/49889","targetHints":{"allow":["GET"]}}],"collection":[{"href":"https:\/\/www.sincomam.org.br\/index.php\/wp-json\/wp\/v2\/posts"}],"about":[{"href":"https:\/\/www.sincomam.org.br\/index.php\/wp-json\/wp\/v2\/types\/post"}],"author":[{"embeddable":true,"href":"https:\/\/www.sincomam.org.br\/index.php\/wp-json\/wp\/v2\/users\/1527"}],"replies":[{"embeddable":true,"href":"https:\/\/www.sincomam.org.br\/index.php\/wp-json\/wp\/v2\/comments?post=49889"}],"version-history":[{"count":1,"href":"https:\/\/www.sincomam.org.br\/index.php\/wp-json\/wp\/v2\/posts\/49889\/revisions"}],"predecessor-version":[{"id":49891,"href":"https:\/\/www.sincomam.org.br\/index.php\/wp-json\/wp\/v2\/posts\/49889\/revisions\/49891"}],"wp:featuredmedia":[{"embeddable":true,"href":"https:\/\/www.sincomam.org.br\/index.php\/wp-json\/wp\/v2\/media\/49890"}],"wp:attachment":[{"href":"https:\/\/www.sincomam.org.br\/index.php\/wp-json\/wp\/v2\/media?parent=49889"}],"wp:term":[{"taxonomy":"category","embeddable":true,"href":"https:\/\/www.sincomam.org.br\/index.php\/wp-json\/wp\/v2\/categories?post=49889"},{"taxonomy":"post_tag","embeddable":true,"href":"https:\/\/www.sincomam.org.br\/index.php\/wp-json\/wp\/v2\/tags?post=49889"}],"curies":[{"name":"wp","href":"https:\/\/api.w.org\/{rel}","templated":true}]}}