{"id":49886,"date":"2024-02-15T11:41:05","date_gmt":"2024-02-15T14:41:05","guid":{"rendered":"http:\/\/www.sincomam.org.br\/?p=49886"},"modified":"2024-02-15T11:41:05","modified_gmt":"2024-02-15T14:41:05","slug":"brasil-emirados-arabes-e-azerbaijao-formalizam-alianca-pelo-clima","status":"publish","type":"post","link":"https:\/\/www.sincomam.org.br\/index.php\/brasil-emirados-arabes-e-azerbaijao-formalizam-alianca-pelo-clima\/","title":{"rendered":"Brasil, Emirados \u00c1rabes e Azerbaij\u00e3o formalizam alian\u00e7a pelo clima"},"content":{"rendered":"<p>O Brasil firmou uma alian\u00e7a com os Emirados \u00c1rabes Unidos e o Azerbaij\u00e3o com a\u00e7\u00f5es para conter o aquecimento global. A parceria, firmada por meio de coopera\u00e7\u00e3o entre a presid\u00eancia da Confer\u00eancias das Na\u00e7\u00f5es Unidas sobre Mudan\u00e7a do Clima (COP-28), e suas duas sucessoras, foi apelidada de\u00a0<em>troika\u00a0<\/em>(trio).<img decoding=\"async\" src=\"https:\/\/agenciabrasil.ebc.com.br\/ebc.png?id=1581105&amp;o=node\" \/><img decoding=\"async\" src=\"https:\/\/agenciabrasil.ebc.com.br\/ebc.gif?id=1581105&amp;o=node\" \/><\/p>\n<p>Em mensagem\u00a0enviada \u00e0 cerim\u00f4nia em que foi formalizada a alian\u00e7a in\u00e9dita, a ministra do Meio Ambiente e Mudan\u00e7a do Clima, Marina Silva, destacou a import\u00e2ncia da transi\u00e7\u00e3o energ\u00e9tica proposta pelo Balan\u00e7o Global do Acordo de Paris e, consequentemente, do planeta n\u00e3o ultrapassar a marca de 1,5 grau Celsius\u00a0(\u00baC) no aquecimento global.<\/p>\n<p>Segundo a ministra, o\u00a0esfor\u00e7o conjunto entre os tr\u00eas pa\u00edses, iniciado em Dubai, resultar\u00e1 no redirecionamento de investimentos e das pol\u00edticas p\u00fablicas nos tr\u00eas pa\u00edses para a \u201celimina\u00e7\u00e3o progressiva dos combust\u00edveis f\u00f3sseis na matriz energ\u00e9tica, a partir desta d\u00e9cada, e para triplicar a capacidade de energia renov\u00e1vel, at\u00e9 2030\u201d.<\/p>\n<p>Para Marina, o n\u00e3o cumprimento dessas a\u00e7\u00f5es representa s\u00e9rio risco de interfer\u00eancia irrevers\u00edvel das a\u00e7\u00f5es humanas no sistema clim\u00e1tico.\u00a0\u201cE n\u00f3s [os tr\u00eas pa\u00edses]\u00a0seremos julgados pela celeridade com que traduzirmos em a\u00e7\u00f5es concretas as decis\u00f5es da COP 28.\u201d<\/p>\n<p>Nos \u00faltimos anos, a\u00a0Organiza\u00e7\u00e3o\u00a0das Na\u00e7\u00f5es Unidas (ONU) tem alertado, por meio do Painel Intergovernamental sobre Mudan\u00e7as Clim\u00e1ticas (IPCC), que as medidas internacionais e os planos apresentados pelas na\u00e7\u00f5es, at\u00e9 recentemente, seriam ineficazes para reverter o\u00a0impacto causado pela emiss\u00e3o de gases do efeito estufa.<\/p>\n<p>A ONU\u00a0sugeriu\u00a0medidas mais ambiciosas, que pautaram os 198 pa\u00edses signat\u00e1rios participantes da COP 28, desde Dubai.<\/p>\n<p>Fonte: Ag\u00eancia Brasil<\/p>\n","protected":false},"excerpt":{"rendered":"<p>O Brasil firmou uma alian\u00e7a com os Emirados \u00c1rabes Unidos e o Azerbaij\u00e3o com a\u00e7\u00f5es para conter o aquecimento global. A parceria, firmada por meio&#8230;<\/p>\n","protected":false},"author":1527,"featured_media":49887,"comment_status":"closed","ping_status":"closed","sticky":false,"template":"","format":"standard","meta":{"footnotes":""},"categories":[6],"tags":[],"class_list":["post-49886","post","type-post","status-publish","format-standard","has-post-thumbnail","hentry","category-noticias"],"_links":{"self":[{"href":"https:\/\/www.sincomam.org.br\/index.php\/wp-json\/wp\/v2\/posts\/49886","targetHints":{"allow":["GET"]}}],"collection":[{"href":"https:\/\/www.sincomam.org.br\/index.php\/wp-json\/wp\/v2\/posts"}],"about":[{"href":"https:\/\/www.sincomam.org.br\/index.php\/wp-json\/wp\/v2\/types\/post"}],"author":[{"embeddable":true,"href":"https:\/\/www.sincomam.org.br\/index.php\/wp-json\/wp\/v2\/users\/1527"}],"replies":[{"embeddable":true,"href":"https:\/\/www.sincomam.org.br\/index.php\/wp-json\/wp\/v2\/comments?post=49886"}],"version-history":[{"count":1,"href":"https:\/\/www.sincomam.org.br\/index.php\/wp-json\/wp\/v2\/posts\/49886\/revisions"}],"predecessor-version":[{"id":49888,"href":"https:\/\/www.sincomam.org.br\/index.php\/wp-json\/wp\/v2\/posts\/49886\/revisions\/49888"}],"wp:featuredmedia":[{"embeddable":true,"href":"https:\/\/www.sincomam.org.br\/index.php\/wp-json\/wp\/v2\/media\/49887"}],"wp:attachment":[{"href":"https:\/\/www.sincomam.org.br\/index.php\/wp-json\/wp\/v2\/media?parent=49886"}],"wp:term":[{"taxonomy":"category","embeddable":true,"href":"https:\/\/www.sincomam.org.br\/index.php\/wp-json\/wp\/v2\/categories?post=49886"},{"taxonomy":"post_tag","embeddable":true,"href":"https:\/\/www.sincomam.org.br\/index.php\/wp-json\/wp\/v2\/tags?post=49886"}],"curies":[{"name":"wp","href":"https:\/\/api.w.org\/{rel}","templated":true}]}}