{"id":49849,"date":"2024-02-09T11:39:11","date_gmt":"2024-02-09T14:39:11","guid":{"rendered":"http:\/\/www.sincomam.org.br\/?p=49849"},"modified":"2024-02-09T11:39:11","modified_gmt":"2024-02-09T14:39:11","slug":"criancas-de-10-a-11-anos-serao-as-primeiras-a-vacinar-contra-dengue","status":"publish","type":"post","link":"https:\/\/www.sincomam.org.br\/index.php\/criancas-de-10-a-11-anos-serao-as-primeiras-a-vacinar-contra-dengue\/","title":{"rendered":"Crian\u00e7as de 10 a 11 anos ser\u00e3o as primeiras a vacinar contra dengue"},"content":{"rendered":"<p>O Minist\u00e9rio da Sa\u00fade iniciou nesta quinta-feira (8) a distribui\u00e7\u00e3o das vacinas contra a dengue. A pasta informou ainda que o lote inicial ser\u00e1 destinado \u00e0 imuniza\u00e7\u00e3o de crian\u00e7as de 10 a 11 anos.<img decoding=\"async\" src=\"https:\/\/agenciabrasil.ebc.com.br\/ebc.png?id=1580287&amp;o=node\" \/><img decoding=\"async\" src=\"https:\/\/agenciabrasil.ebc.com.br\/ebc.gif?id=1580287&amp;o=node\" \/><\/p>\n<p>A previs\u00e3o \u00e9 que os 521 munic\u00edpios, selecionados para realizar a imuniza\u00e7\u00e3o,\u00a0recebam as doses para vacinar essa faixa et\u00e1ria at\u00e9 a primeira quinzena de mar\u00e7o.<\/p>\n<p>Segundo o minist\u00e9rio, a vacina\u00e7\u00e3o ir\u00e1 avan\u00e7ar para outras idades assim que forem sendo entregues novas doses pelo fabricante da Qdenga, at\u00e9 alcan\u00e7ar todo o p\u00fablico-alvo de 10 a 14 anos.<\/p>\n<p>O primeiro lote tem 712 mil doses\u00a0que ir\u00e3o atender 315 munic\u00edpios em Goi\u00e1s, na Bahia, no Acre, na Para\u00edba, no Rio Grande do Norte, em Mato Grosso do Sul, no Amazonas, em S\u00e3o Paulo, no Maranh\u00e3o e no Distrito Federal.<\/p>\n<p>O Distrito Federal e Goi\u00e1s j\u00e1 receberam as doses. Os demais receber\u00e3o nos pr\u00f3ximos dias. No Distrito Federal, a\u00a0vacina\u00e7\u00e3o ter\u00e1 in\u00edcio nesta sexta-feira (9).<\/p>\n<p>\u201cCom o recebimento das 6,5 milh\u00f5es de doses dispon\u00edveis pelo laborat\u00f3rio em 2024, o Minist\u00e9rio da Sa\u00fade garantir\u00e1 a vacina\u00e7\u00e3o de todo o p\u00fablico-alvo, de 10 a 14 anos, nos munic\u00edpios selecionados, ao longo dos pr\u00f3ximos meses, de forma progressiva\u201d.<\/p>\n<p>&nbsp;<\/p>\n<p>Fonte: Ag\u00eancia Brasil<\/p>\n","protected":false},"excerpt":{"rendered":"<p>O Minist\u00e9rio da Sa\u00fade iniciou nesta quinta-feira (8) a distribui\u00e7\u00e3o das vacinas contra a dengue. A pasta informou ainda que o lote inicial ser\u00e1 destinado&#8230;<\/p>\n","protected":false},"author":1527,"featured_media":49850,"comment_status":"closed","ping_status":"closed","sticky":false,"template":"","format":"standard","meta":{"footnotes":""},"categories":[6],"tags":[],"class_list":["post-49849","post","type-post","status-publish","format-standard","has-post-thumbnail","hentry","category-noticias"],"_links":{"self":[{"href":"https:\/\/www.sincomam.org.br\/index.php\/wp-json\/wp\/v2\/posts\/49849","targetHints":{"allow":["GET"]}}],"collection":[{"href":"https:\/\/www.sincomam.org.br\/index.php\/wp-json\/wp\/v2\/posts"}],"about":[{"href":"https:\/\/www.sincomam.org.br\/index.php\/wp-json\/wp\/v2\/types\/post"}],"author":[{"embeddable":true,"href":"https:\/\/www.sincomam.org.br\/index.php\/wp-json\/wp\/v2\/users\/1527"}],"replies":[{"embeddable":true,"href":"https:\/\/www.sincomam.org.br\/index.php\/wp-json\/wp\/v2\/comments?post=49849"}],"version-history":[{"count":1,"href":"https:\/\/www.sincomam.org.br\/index.php\/wp-json\/wp\/v2\/posts\/49849\/revisions"}],"predecessor-version":[{"id":49851,"href":"https:\/\/www.sincomam.org.br\/index.php\/wp-json\/wp\/v2\/posts\/49849\/revisions\/49851"}],"wp:featuredmedia":[{"embeddable":true,"href":"https:\/\/www.sincomam.org.br\/index.php\/wp-json\/wp\/v2\/media\/49850"}],"wp:attachment":[{"href":"https:\/\/www.sincomam.org.br\/index.php\/wp-json\/wp\/v2\/media?parent=49849"}],"wp:term":[{"taxonomy":"category","embeddable":true,"href":"https:\/\/www.sincomam.org.br\/index.php\/wp-json\/wp\/v2\/categories?post=49849"},{"taxonomy":"post_tag","embeddable":true,"href":"https:\/\/www.sincomam.org.br\/index.php\/wp-json\/wp\/v2\/tags?post=49849"}],"curies":[{"name":"wp","href":"https:\/\/api.w.org\/{rel}","templated":true}]}}