{"id":49836,"date":"2024-02-09T11:29:11","date_gmt":"2024-02-09T14:29:11","guid":{"rendered":"http:\/\/www.sincomam.org.br\/?p=49836"},"modified":"2024-02-09T11:29:11","modified_gmt":"2024-02-09T14:29:11","slug":"tcu-aprova-prorrogacao-de-contrato-em-area-arrendada-no-porto-de-aratu","status":"publish","type":"post","link":"https:\/\/www.sincomam.org.br\/index.php\/tcu-aprova-prorrogacao-de-contrato-em-area-arrendada-no-porto-de-aratu\/","title":{"rendered":"TCU aprova prorroga\u00e7\u00e3o de contrato em \u00e1rea arrendada no Porto de Aratu"},"content":{"rendered":"<p>O Tribunal de Contas da Uni\u00e3o (TCU) analisou, na quarta-feira (7), o pedido de prorroga\u00e7\u00e3o de contrato e expans\u00e3o de \u00e1rea de um terminal arrendado no Porto de Aratu, na Bahia. A decis\u00e3o foi pela continuidade do contrato por mais 20 anos, a contar de julho de 2022, sem a necessidade de nova licita\u00e7\u00e3o. Atualmente, o terminal \u00e9 utilizado para a movimenta\u00e7\u00e3o e armazenagem de gran\u00e9is l\u00edquidos. A \u00e1rea em quest\u00e3o (Contrato de Arrendamento 24\/2002) est\u00e1 arrendada para a empresa Ultracargo Log\u00edstica, anteriormente conhecida como Terminal Qu\u00edmico de Aratu (Tequimar).<\/p>\n<p>O ministro-relator, Aroldo Cedraz, considerou que o pedido de prorroga\u00e7\u00e3o n\u00e3o quebrou nenhuma regra, tendo em vista que a lei que rege o contrato permite a expans\u00e3o de \u00e1rea. \u201cConsiderando que a arrendat\u00e1ria foi a vencedora do certame realizado em 2002 referente \u00e0 \u00e1rea do Contrato 24\/2002 e que a lei que rege esse contrato, Lei 12.815\/2013, permite a expans\u00e3o para \u00e1rea cont\u00edgua dentro da poligonal do porto, n\u00e3o verifico ilegalidade no pedido formulado pela Ultracargo, sendo indispens\u00e1vel, todavia, avaliar se o requerimento ensejar\u00e1 no aumento da efici\u00eancia na opera\u00e7\u00e3o portu\u00e1ria\u201d, afirmou Cedraz.<\/p>\n<div id=\"beacon_f9c5fd4611\"><\/div>\n<p><strong>O que foi analisado<\/strong><\/p>\n<p>A an\u00e1lise do TCU abordou tr\u00eas aspectos principais: a comprova\u00e7\u00e3o de que n\u00e3o seria vantajosa a realiza\u00e7\u00e3o de nova licita\u00e7\u00e3o em compara\u00e7\u00e3o \u00e0 prorroga\u00e7\u00e3o do contrato; a an\u00e1lise do projeto de infraestrutura e superestrutura, incluindo as estimativas de pre\u00e7o relativas aos investimentos a serem implementados; e o tratamento das quest\u00f5es relativas \u00e0s obriga\u00e7\u00f5es de investimentos em \u00e1rea comum do porto.<\/p>\n<p>O TCU apresentou, ainda, os pontos a serem considerados pelo poder concedente na aprova\u00e7\u00e3o de investimentos fora da \u00e1rea objeto do arrendamento. Est\u00e1 em an\u00e1lise a previs\u00e3o de implementa\u00e7\u00e3o, por parte da Ultracargo, de um p\u00eder na \u00e1rea comum do Porto de Aratu. Neste caso, foi verificado que n\u00e3o havia sido realizada avalia\u00e7\u00e3o e aprova\u00e7\u00e3o pr\u00e9via do projeto e do or\u00e7amento da obra a ser realizada, assegurando que o reequil\u00edbrio decorrente da realiza\u00e7\u00e3o de investimentos ocorra a pre\u00e7os de mercado. Essa avalia\u00e7\u00e3o foi feita considerando opini\u00f5es e sugest\u00f5es dos gestores, mas n\u00e3o foi verificada a efetiva corre\u00e7\u00e3o dos estudos e documentos jur\u00eddicos.<\/p>\n<p>&nbsp;<\/p>\n<p>Fonte: Portos e Navios<\/p>\n","protected":false},"excerpt":{"rendered":"<p>O Tribunal de Contas da Uni\u00e3o (TCU) analisou, na quarta-feira (7), o pedido de prorroga\u00e7\u00e3o de contrato e expans\u00e3o de \u00e1rea de um terminal arrendado&#8230;<\/p>\n","protected":false},"author":1527,"featured_media":49837,"comment_status":"closed","ping_status":"closed","sticky":false,"template":"","format":"standard","meta":{"footnotes":""},"categories":[6],"tags":[],"class_list":["post-49836","post","type-post","status-publish","format-standard","has-post-thumbnail","hentry","category-noticias"],"_links":{"self":[{"href":"https:\/\/www.sincomam.org.br\/index.php\/wp-json\/wp\/v2\/posts\/49836","targetHints":{"allow":["GET"]}}],"collection":[{"href":"https:\/\/www.sincomam.org.br\/index.php\/wp-json\/wp\/v2\/posts"}],"about":[{"href":"https:\/\/www.sincomam.org.br\/index.php\/wp-json\/wp\/v2\/types\/post"}],"author":[{"embeddable":true,"href":"https:\/\/www.sincomam.org.br\/index.php\/wp-json\/wp\/v2\/users\/1527"}],"replies":[{"embeddable":true,"href":"https:\/\/www.sincomam.org.br\/index.php\/wp-json\/wp\/v2\/comments?post=49836"}],"version-history":[{"count":1,"href":"https:\/\/www.sincomam.org.br\/index.php\/wp-json\/wp\/v2\/posts\/49836\/revisions"}],"predecessor-version":[{"id":49838,"href":"https:\/\/www.sincomam.org.br\/index.php\/wp-json\/wp\/v2\/posts\/49836\/revisions\/49838"}],"wp:featuredmedia":[{"embeddable":true,"href":"https:\/\/www.sincomam.org.br\/index.php\/wp-json\/wp\/v2\/media\/49837"}],"wp:attachment":[{"href":"https:\/\/www.sincomam.org.br\/index.php\/wp-json\/wp\/v2\/media?parent=49836"}],"wp:term":[{"taxonomy":"category","embeddable":true,"href":"https:\/\/www.sincomam.org.br\/index.php\/wp-json\/wp\/v2\/categories?post=49836"},{"taxonomy":"post_tag","embeddable":true,"href":"https:\/\/www.sincomam.org.br\/index.php\/wp-json\/wp\/v2\/tags?post=49836"}],"curies":[{"name":"wp","href":"https:\/\/api.w.org\/{rel}","templated":true}]}}