{"id":49822,"date":"2024-02-08T06:00:31","date_gmt":"2024-02-08T09:00:31","guid":{"rendered":"http:\/\/www.sincomam.org.br\/?p=49822"},"modified":"2024-02-07T23:31:49","modified_gmt":"2024-02-08T02:31:49","slug":"marinha-e-fgv-lancam-pioneiro-curso-de-ia-para-sistemas-militares","status":"publish","type":"post","link":"https:\/\/www.sincomam.org.br\/index.php\/marinha-e-fgv-lancam-pioneiro-curso-de-ia-para-sistemas-militares\/","title":{"rendered":"Marinha e FGV Lan\u00e7am Pioneiro Curso de IA para Sistemas Militares"},"content":{"rendered":"<p>Em uma colabora\u00e7\u00e3o in\u00e9dita no Brasil, a Marinha, em parceria com a Funda\u00e7\u00e3o Getulio Vargas (FGV), inaugurou o primeiro curso de p\u00f3s-gradua\u00e7\u00e3o em Intelig\u00eancia Artificial (IA) Aplicada a Sistemas Militares. Este curso representa um marco importante na integra\u00e7\u00e3o entre conhecimento acad\u00eamico e aplica\u00e7\u00f5es militares, refletindo o compromisso com a moderniza\u00e7\u00e3o e aprimoramento das capacidades defensivas do pa\u00eds.<\/p>\n<p><strong>Objetivo e P\u00fablico-Alvo<\/strong><\/p>\n<p>Destinado aos oficiais em programa de aperfei\u00e7oamento do corpo de fuzileiros navais, o curso tem como finalidade enriquecer o conhecimento cient\u00edfico, tecnol\u00f3gico e doutrin\u00e1rio dos militares. O foco est\u00e1 no car\u00e1ter expedicion\u00e1rio dos destacamentos, preparando-os para o exerc\u00edcio operativo de cargos e fun\u00e7\u00f5es em unidades e grupamentos operativos com uma base s\u00f3lida em IA.<\/p>\n<div class=\"td-a-rec td-a-rec-id-content_inline tdi_2 td_block_template_11\">\n<p><strong>Adapta\u00e7\u00e3o \u00e0 Evolu\u00e7\u00e3o Tecnol\u00f3gica<\/strong><\/p>\n<\/div>\n<p>A iniciativa surge como resposta \u00e0 necessidade de adequa\u00e7\u00e3o \u00e0 r\u00e1pida evolu\u00e7\u00e3o tecnol\u00f3gica e doutrin\u00e1ria no \u00e2mbito t\u00e1tico da condu\u00e7\u00e3o da guerra. O vice-almirante Pedro Gueiros Taulois, comandante do Pessoal de Fuzileiros Navais, destacou a import\u00e2ncia desta parceria com a FGV, antecipando resultados significativos para o Corpo de Fuzileiros Navais e a Marinha do Brasil como um todo.<\/p>\n<p><strong>Relev\u00e2ncia da Intelig\u00eancia Artificial<\/strong><\/p>\n<p>A \u00eanfase no estudo da IA reflete a crescente influ\u00eancia dessa tecnologia nas capacidades militares globais. A intelig\u00eancia artificial promete revolucionar os aspectos operacionais, estrat\u00e9gicos e t\u00e1ticos das for\u00e7as armadas, e a Marinha do Brasil demonstra sua proatividade ao integrar esses avan\u00e7os em seu curr\u00edculo de aperfei\u00e7oamento.<\/p>\n<p><strong>Aula Inaugural<\/strong><\/p>\n<p>A aula inaugural, conduzida por Alexandre Rocha Violante, doutor em Estudos Estrat\u00e9gicos e capit\u00e3o de mar e guerra da reserva, enfatizou a inter-rela\u00e7\u00e3o entre o desenvolvimento tecnol\u00f3gico e a seguran\u00e7a e defesa nacional. Violante ressaltou a import\u00e2ncia da produ\u00e7\u00e3o do saber cient\u00edfico e tecnol\u00f3gico como um pilar na constru\u00e7\u00e3o das na\u00e7\u00f5es modernas, destacando a necessidade de uma intera\u00e7\u00e3o acad\u00eamica entre civis e militares que seja democr\u00e1tica e republicana. Este enfoque busca assegurar que os avan\u00e7os tecnol\u00f3gicos beneficiem toda a sociedade, fortalecendo a seguran\u00e7a nacional e contribuindo para o desenvolvimento sustent\u00e1vel.<\/p>\n<div class=\"td-g-rec td-g-rec-id-content_bottom tdi_4 td_block_template_11\">Fonte: Defesa em Foco<\/div>\n","protected":false},"excerpt":{"rendered":"<p>Em uma colabora\u00e7\u00e3o in\u00e9dita no Brasil, a Marinha, em parceria com a Funda\u00e7\u00e3o Getulio Vargas (FGV), inaugurou o primeiro curso de p\u00f3s-gradua\u00e7\u00e3o em Intelig\u00eancia Artificial&#8230;<\/p>\n","protected":false},"author":1527,"featured_media":49823,"comment_status":"closed","ping_status":"closed","sticky":false,"template":"","format":"standard","meta":{"footnotes":""},"categories":[6],"tags":[],"class_list":["post-49822","post","type-post","status-publish","format-standard","has-post-thumbnail","hentry","category-noticias"],"_links":{"self":[{"href":"https:\/\/www.sincomam.org.br\/index.php\/wp-json\/wp\/v2\/posts\/49822","targetHints":{"allow":["GET"]}}],"collection":[{"href":"https:\/\/www.sincomam.org.br\/index.php\/wp-json\/wp\/v2\/posts"}],"about":[{"href":"https:\/\/www.sincomam.org.br\/index.php\/wp-json\/wp\/v2\/types\/post"}],"author":[{"embeddable":true,"href":"https:\/\/www.sincomam.org.br\/index.php\/wp-json\/wp\/v2\/users\/1527"}],"replies":[{"embeddable":true,"href":"https:\/\/www.sincomam.org.br\/index.php\/wp-json\/wp\/v2\/comments?post=49822"}],"version-history":[{"count":1,"href":"https:\/\/www.sincomam.org.br\/index.php\/wp-json\/wp\/v2\/posts\/49822\/revisions"}],"predecessor-version":[{"id":49824,"href":"https:\/\/www.sincomam.org.br\/index.php\/wp-json\/wp\/v2\/posts\/49822\/revisions\/49824"}],"wp:featuredmedia":[{"embeddable":true,"href":"https:\/\/www.sincomam.org.br\/index.php\/wp-json\/wp\/v2\/media\/49823"}],"wp:attachment":[{"href":"https:\/\/www.sincomam.org.br\/index.php\/wp-json\/wp\/v2\/media?parent=49822"}],"wp:term":[{"taxonomy":"category","embeddable":true,"href":"https:\/\/www.sincomam.org.br\/index.php\/wp-json\/wp\/v2\/categories?post=49822"},{"taxonomy":"post_tag","embeddable":true,"href":"https:\/\/www.sincomam.org.br\/index.php\/wp-json\/wp\/v2\/tags?post=49822"}],"curies":[{"name":"wp","href":"https:\/\/api.w.org\/{rel}","templated":true}]}}