{"id":4982,"date":"2014-04-17T09:36:06","date_gmt":"2014-04-17T12:36:06","guid":{"rendered":"http:\/\/www.sincomam.org.br\/?p=4982"},"modified":"2014-04-17T09:39:03","modified_gmt":"2014-04-17T12:39:03","slug":"especialistas-contradizem-graca-foster-e-exaltam-papel-da-br-em-mercado-de-r-270-bi","status":"publish","type":"post","link":"https:\/\/www.sincomam.org.br\/index.php\/especialistas-contradizem-graca-foster-e-exaltam-papel-da-br-em-mercado-de-r-270-bi\/","title":{"rendered":"Especialistas contradizem Gra\u00e7a Foster e exaltam papel da BR em mercado de R$ 270 bi"},"content":{"rendered":"<p>Um mercado que movimenta R$ 270 bilh\u00f5es por ano, com a circula\u00e7\u00e3o em todo o pa\u00eds de 126,5 bilh\u00f5es de litros de combust\u00edveis, no qual a Petrobras Distribuidora (BR) \u00e9 a l\u00edder com uma fatia de 37,5% desse total. Para esse mercado bilion\u00e1rio \u00e9 que Nestor Cerver\u00f3 foi nomeado para ocupar a diretoria financeira da BR em 2008, ap\u00f3s deixar a diretoria internacional da Petrobras. E<\/p>\n<p>Executivos do setor de distribui\u00e7\u00e3o, que preferiram n\u00e3o se identificar, afirmam que n\u00e3o \u00e9 verdadeira a afirma\u00e7\u00e3o feita pela presidente da Petrobras, Maria das Gra\u00e7as Foster, de que o cargo de diretor da BR \u00e9 \u201cmais restrito\u201d em rela\u00e7\u00e3o ao cargo de um diretor da pr\u00f3pria estatal. Ao contr\u00e1rio. No caso de Cerver\u00f3, a BR movimenta recursos muito maiores do que a pr\u00f3pria diretoria internacional.<\/p>\n<p><b>Receita de R$ 86 bilh\u00f5es<\/b><\/p>\n<p>Somente no ano passado, a BR Distribuidora registrou receita operacional l\u00edquida de R$ 86,585 bilh\u00f5es, uma alta de 12% em rela\u00e7\u00e3o ao ano anterior. J\u00e1 o lucro l\u00edquido subiu 12,7%, para R$ 2,132 bilh\u00f5es, influenciado pelo aumento de 4,5% nas vendas de combust\u00edveis no pa\u00eds, como gasolina e diesel.<\/p>\n<p>Segundo dados do Sindicato Nacional das Empresas Distribuidoras de Combust\u00edveis e de Lubrificantes (Sindicom), que representa cerca de 80% de todo o mercado de distribui\u00e7\u00e3o, a estatal \u00e9 l\u00edder na venda dos principais combust\u00edveis do pa\u00eds.<\/p>\n<p><b>Contradi\u00e7\u00f5es nos depoimentos<\/b><\/p>\n<p>As contradi\u00e7\u00f5es nos depoimentos do ex-diretor da \u00e1rea internacional da Petrobras Nestor Cerver\u00f3 e da presidente da estatal, Gra\u00e7a Foster, refor\u00e7aram, para a oposi\u00e7\u00e3o, a necessidade de se instaurar uma Comiss\u00e3o Parlamentar de Inqu\u00e9rito (CPI) que investigue a compra da refinaria Pasadena, no Texas. Ao dizer que a aquisi\u00e7\u00e3o n\u00e3o foi um mau neg\u00f3cio e que todo o Conselho Administrativo tinha conhecimento do neg\u00f3cio, Cerver\u00f3 agradou aliados do governo, mas n\u00e3o conseguiu impedir os ataques da oposi\u00e7\u00e3o.<\/p>\n<p>Ap\u00f3s ouvir o ex-diretor na Comiss\u00e3o de Fiscaliza\u00e7\u00e3o e Controle, o l\u00edder do DEM na C\u00e2mara, Mendon\u00e7a Filho (PE), afirmou que os desencontros de informa\u00e7\u00f5es prejudicaram os esclarecimentos sobre a compra da refinaria:<\/p>\n<p>\u2014 Refor\u00e7a a necessidade de uma CPI. As vers\u00f5es s\u00e3o contradit\u00f3rias, conflitantes. H\u00e1 um jogo de empurra-empurra, cada um tira a sua responsabilidade e fica essa manipula\u00e7\u00e3o. S\u00f3 essa audi\u00eancia n\u00e3o ser\u00e1 suficiente. A presidente Dilma diz que n\u00e3o foi informada. Cerver\u00f3 garante que passou todos os documentos para o Conselho Administrativo. Quem est\u00e1 mentido? N\u00e3o vai ser essa audi\u00eancia p\u00fablica que vai responder tudo \u2014 defendeu Mendon\u00e7a.<\/p>\n<p><b>Congresso confirma n\u00famero m\u00ednimo de assinaturas para CPIs Mistas<\/b><\/p>\n<p>Segundo informa\u00e7\u00f5es das Secretarias das Mesas do Senado e do Congresso, a CPI Mista pedida pela oposi\u00e7\u00e3o &#8211; que \u00e9 restrita \u00e0s investiga\u00e7\u00f5es da Petrobras &#8211; ganhou mais uma assinatura: do deputado Arolde de Oliveira (PSD-RJ), ficando com o apoio de 257 deputados e 30 senadores. J\u00e1 CPMI pedida pelo governo &#8211; para investiga\u00e7\u00e3o da Petrobras, Metr\u00f4 de S\u00e3o Paulo e obras da Refinaria Abreu e Lima (PE) &#8211; ficou com 209 assinaturas de deputados e 32 de senadores.<\/p>\n<p>Fonte: O Globo \/\u00a0Foto: Zeca Ribeiro \/ C\u00e2mara dos Deputados<\/p>\n","protected":false},"excerpt":{"rendered":"<p>Um mercado que movimenta R$ 270 bilh\u00f5es por ano, com a circula\u00e7\u00e3o em todo o pa\u00eds de 126,5 bilh\u00f5es de litros de combust\u00edveis, no qual&#8230;<\/p>\n","protected":false},"author":1182,"featured_media":4986,"comment_status":"closed","ping_status":"closed","sticky":false,"template":"","format":"standard","meta":{"footnotes":""},"categories":[6],"tags":[844,831,58],"class_list":["post-4982","post","type-post","status-publish","format-standard","has-post-thumbnail","hentry","category-noticias","tag-congresso","tag-cpi","tag-petrobras"],"_links":{"self":[{"href":"https:\/\/www.sincomam.org.br\/index.php\/wp-json\/wp\/v2\/posts\/4982","targetHints":{"allow":["GET"]}}],"collection":[{"href":"https:\/\/www.sincomam.org.br\/index.php\/wp-json\/wp\/v2\/posts"}],"about":[{"href":"https:\/\/www.sincomam.org.br\/index.php\/wp-json\/wp\/v2\/types\/post"}],"author":[{"embeddable":true,"href":"https:\/\/www.sincomam.org.br\/index.php\/wp-json\/wp\/v2\/users\/1182"}],"replies":[{"embeddable":true,"href":"https:\/\/www.sincomam.org.br\/index.php\/wp-json\/wp\/v2\/comments?post=4982"}],"version-history":[{"count":1,"href":"https:\/\/www.sincomam.org.br\/index.php\/wp-json\/wp\/v2\/posts\/4982\/revisions"}],"predecessor-version":[{"id":4984,"href":"https:\/\/www.sincomam.org.br\/index.php\/wp-json\/wp\/v2\/posts\/4982\/revisions\/4984"}],"wp:featuredmedia":[{"embeddable":true,"href":"https:\/\/www.sincomam.org.br\/index.php\/wp-json\/wp\/v2\/media\/4986"}],"wp:attachment":[{"href":"https:\/\/www.sincomam.org.br\/index.php\/wp-json\/wp\/v2\/media?parent=4982"}],"wp:term":[{"taxonomy":"category","embeddable":true,"href":"https:\/\/www.sincomam.org.br\/index.php\/wp-json\/wp\/v2\/categories?post=4982"},{"taxonomy":"post_tag","embeddable":true,"href":"https:\/\/www.sincomam.org.br\/index.php\/wp-json\/wp\/v2\/tags?post=4982"}],"curies":[{"name":"wp","href":"https:\/\/api.w.org\/{rel}","templated":true}]}}