{"id":49813,"date":"2024-02-08T06:00:21","date_gmt":"2024-02-08T09:00:21","guid":{"rendered":"http:\/\/www.sincomam.org.br\/?p=49813"},"modified":"2024-02-07T23:27:42","modified_gmt":"2024-02-08T02:27:42","slug":"camara-aprova-adesao-do-brasil-a-organizacao-internacional-de-auxilios-maritimos-a-navegacao","status":"publish","type":"post","link":"https:\/\/www.sincomam.org.br\/index.php\/camara-aprova-adesao-do-brasil-a-organizacao-internacional-de-auxilios-maritimos-a-navegacao\/","title":{"rendered":"C\u00e2mara aprova ades\u00e3o do Brasil \u00e0 Organiza\u00e7\u00e3o Internacional de Aux\u00edlios Mar\u00edtimos \u00e0 Navega\u00e7\u00e3o"},"content":{"rendered":"<p>A C\u00e2mara dos Deputados aprovou nesta ter\u00e7a-feira (6) projeto de decreto legislativo (PDL) que cont\u00e9m a Conven\u00e7\u00e3o sobre a Organiza\u00e7\u00e3o Internacional de Aux\u00edlios Mar\u00edtimos \u00e0 Navega\u00e7\u00e3o, adotada em 27 de janeiro de 2021, em Paris. O texto ser\u00e1 enviado ao Senado.<\/p>\n<p>O PDL 278\/23 viabiliza a ades\u00e3o do Brasil \u00e0 nova organiza\u00e7\u00e3o, que substituir\u00e1 a Associa\u00e7\u00e3o Internacional de Autoridades de Aux\u00edlios \u00e0 Navega\u00e7\u00e3o Mar\u00edtima e Far\u00f3is, fundada em 1957. Em 2014, seus membros decidiram pela mudan\u00e7a da condi\u00e7\u00e3o de associa\u00e7\u00e3o para organiza\u00e7\u00e3o internacional.<\/p>\n<p>Segundo os minist\u00e9rios das Rela\u00e7\u00f5es Exteriores, da Defesa e da Infraestrutura, \u201co objetivo da associa\u00e7\u00e3o tem sido o aumento da seguran\u00e7a e da efici\u00eancia da navega\u00e7\u00e3o mar\u00edtima por meio da melhoria e da harmoniza\u00e7\u00e3o dos aux\u00edlios mar\u00edtimos \u00e0 navega\u00e7\u00e3o no mundo\u201d, reduzindo acidentes mar\u00edtimos e aumentando a seguran\u00e7a da vida e da propriedade no mar.<\/p>\n<div id=\"beacon_022c336b27\"><\/div>\n<p><strong>Leis francesas<\/strong><\/p>\n<p>A Fran\u00e7a ser\u00e1 o pa\u00eds deposit\u00e1rio da organiza\u00e7\u00e3o. Atualmente a associa\u00e7\u00e3o j\u00e1 \u00e9 uma organiza\u00e7\u00e3o n\u00e3o governamental (ONG), mas a amplia\u00e7\u00e3o de seus objetivos e a necessidade de maior envolvimento com outros organismos internacionais conduziu a necessidade de maior amparo legal a fim de facilitar a internaliza\u00e7\u00e3o de sua documenta\u00e7\u00e3o t\u00e9cnica.<\/p>\n<p>A transforma\u00e7\u00e3o em organiza\u00e7\u00e3o n\u00e3o mudar\u00e1 sua ess\u00eancia nem seus objetivos, j\u00e1 expl\u00edcitos no plano estrat\u00e9gico com vig\u00eancia at\u00e9 2026.<\/p>\n<p>Tamb\u00e9m n\u00e3o se prev\u00ea altera\u00e7\u00e3o de seus custos operacionais, conforme atestado pelo parecer da deputada Laura Carneiro (PSD-RJ) na Comiss\u00e3o de Finan\u00e7as e Tributa\u00e7\u00e3o. De acordo com nota da Marinha do Brasil, respons\u00e1vel pela representa\u00e7\u00e3o do pa\u00eds perante o \u00f3rg\u00e3o, as contribui\u00e7\u00f5es dos \u00faltimos seis anos mantiveram-se em torno de 18 mil euros (cerca de R$ 95 mil).<\/p>\n<p>\u201cA nota informa ainda que os recursos v\u00eam da receita com a Tarifa de Utiliza\u00e7\u00e3o de Far\u00f3is (TUF), cobrada de navios estrangeiros que frequentam os portos brasileiros e, desde 2020, este item da receita n\u00e3o foi inferior a R$ 200 milh\u00f5es\u201d, disse a relatora.<\/p>\n<p>Fonte: Ag\u00eancia C\u00e2mara de Not\u00edcias<\/p>\n","protected":false},"excerpt":{"rendered":"<p>A C\u00e2mara dos Deputados aprovou nesta ter\u00e7a-feira (6) projeto de decreto legislativo (PDL) que cont\u00e9m a Conven\u00e7\u00e3o sobre a Organiza\u00e7\u00e3o Internacional de Aux\u00edlios Mar\u00edtimos \u00e0&#8230;<\/p>\n","protected":false},"author":1527,"featured_media":49814,"comment_status":"closed","ping_status":"closed","sticky":false,"template":"","format":"standard","meta":{"footnotes":""},"categories":[6],"tags":[],"class_list":["post-49813","post","type-post","status-publish","format-standard","has-post-thumbnail","hentry","category-noticias"],"_links":{"self":[{"href":"https:\/\/www.sincomam.org.br\/index.php\/wp-json\/wp\/v2\/posts\/49813","targetHints":{"allow":["GET"]}}],"collection":[{"href":"https:\/\/www.sincomam.org.br\/index.php\/wp-json\/wp\/v2\/posts"}],"about":[{"href":"https:\/\/www.sincomam.org.br\/index.php\/wp-json\/wp\/v2\/types\/post"}],"author":[{"embeddable":true,"href":"https:\/\/www.sincomam.org.br\/index.php\/wp-json\/wp\/v2\/users\/1527"}],"replies":[{"embeddable":true,"href":"https:\/\/www.sincomam.org.br\/index.php\/wp-json\/wp\/v2\/comments?post=49813"}],"version-history":[{"count":1,"href":"https:\/\/www.sincomam.org.br\/index.php\/wp-json\/wp\/v2\/posts\/49813\/revisions"}],"predecessor-version":[{"id":49815,"href":"https:\/\/www.sincomam.org.br\/index.php\/wp-json\/wp\/v2\/posts\/49813\/revisions\/49815"}],"wp:featuredmedia":[{"embeddable":true,"href":"https:\/\/www.sincomam.org.br\/index.php\/wp-json\/wp\/v2\/media\/49814"}],"wp:attachment":[{"href":"https:\/\/www.sincomam.org.br\/index.php\/wp-json\/wp\/v2\/media?parent=49813"}],"wp:term":[{"taxonomy":"category","embeddable":true,"href":"https:\/\/www.sincomam.org.br\/index.php\/wp-json\/wp\/v2\/categories?post=49813"},{"taxonomy":"post_tag","embeddable":true,"href":"https:\/\/www.sincomam.org.br\/index.php\/wp-json\/wp\/v2\/tags?post=49813"}],"curies":[{"name":"wp","href":"https:\/\/api.w.org\/{rel}","templated":true}]}}