{"id":49802,"date":"2024-02-07T11:10:52","date_gmt":"2024-02-07T14:10:52","guid":{"rendered":"http:\/\/www.sincomam.org.br\/?p=49802"},"modified":"2024-02-07T11:11:07","modified_gmt":"2024-02-07T14:11:07","slug":"rio-negro-volta-a-subir-muda-paisagens-e-reaquece-economia-de-manaus","status":"publish","type":"post","link":"https:\/\/www.sincomam.org.br\/index.php\/rio-negro-volta-a-subir-muda-paisagens-e-reaquece-economia-de-manaus\/","title":{"rendered":"Rio Negro volta a subir, muda paisagens e reaquece economia de Manaus"},"content":{"rendered":"<div id=\"chunk-du3on\">\n<div class=\"mc-column content-text active-extra-styles \" data-block-type=\"unstyled\" data-block-weight=\"80\" data-block-id=\"3\">\n<p class=\" content-text__container \" data-track-category=\"Link no Texto\" data-track-links=\"\">Ap\u00f3s registrar a maior seca dos \u00faltimos 121 anos, que mudou o cen\u00e1rio no Amazonas, isolou comunidades, e fechou escolas na \u00e1rea rural de\u00a0Manaus, o Rio Negro voltou a subir na capital amazonense. Com isso, setores da economia do estado, que dependem de atividades como transporte fluvial e turismo, reaqueceram.\u00a0O processo de cheia j\u00e1 alcan\u00e7a os principais rios do Amazonas, que seguem apresentando n\u00edveis dentro da normalidade para o per\u00edodo, conforme o Servi\u00e7o Geol\u00f3gico do Brasil (SGB).<\/p>\n<\/div>\n<\/div>\n<div class=\"wall protected-content\">\n<div id=\"chunk-1b32i\">\n<div class=\"mc-column content-text active-extra-styles \" data-block-type=\"unstyled\" data-block-weight=\"56\" data-block-id=\"5\">\n<p class=\" content-text__container \" data-track-category=\"Link no Texto\" data-track-links=\"\">Nesta ter\u00e7a-feira (6), o n\u00edvel do Rio Negro atingiu 21,46 metros, quase o dobro do n\u00edvel mais baixo registrado no dia 26 de outubro de 2023, quando alcan\u00e7ou a cota hist\u00f3rica de 12,70 metros, segundo o Porto de Manaus, que mede o n\u00edvel das \u00e1guas na capital do estado desde 1902.<\/p>\n<div id=\"chunk-3q94p\">\n<div class=\"mc-column content-text active-extra-styles \" data-block-type=\"unstyled\" data-block-weight=\"42\" data-block-id=\"7\">\n<p class=\" content-text__container \" data-track-category=\"Link no Texto\" data-track-links=\"\">Apesar da melhora no n\u00edvel do rio Negro e de outros rios do Amazonas, a situa\u00e7\u00e3o no estado ainda n\u00e3o est\u00e1 totalmente normalizada, e os 62 munic\u00edpios do estado ainda est\u00e3o em situa\u00e7\u00e3o de emerg\u00eancia por conta da seca.<\/p>\n<\/div>\n<\/div>\n<div id=\"chunk-7hlkj\">\n<div class=\"mc-column content-text active-extra-styles \" data-block-type=\"unstyled\" data-block-weight=\"35\" data-block-id=\"8\">\n<p class=\" content-text__container \" data-track-category=\"Link no Texto\" data-track-links=\"\">Para quem vive do rio, como o marinheiro Misael Oliveira, de 36 anos, que trabalha na Marina do Davi, na Zona Oeste de Manaus, a situa\u00e7\u00e3o melhorou, mas a movimenta\u00e7\u00e3o de clientes ainda \u00e9 t\u00edmida.<\/p>\n<\/div>\n<\/div>\n<div id=\"chunk-4ka6j\">\n<div class=\"mc-column content-text active-extra-styles \" data-block-type=\"unstyled\" data-block-weight=\"38\" data-block-id=\"9\">\n<p class=\" content-text__container \" data-track-category=\"Link no Texto\" data-track-links=\"\">No Lago do Puraquequara, na Zona Leste da capital, os visitantes voltaram a frequentar os estabelecimentos flutuantes, mas a vegeta\u00e7\u00e3o que cresceu na seca agora cobre as \u00e1guas, formando uma camada de capim que dificulta o acesso.<\/p>\n<div id=\"chunk-8t92f\">\n<div class=\"mc-column content-text active-extra-styles \" data-block-type=\"unstyled\" data-block-weight=\"49\" data-block-id=\"11\">\n<p class=\" content-text__container \" data-track-category=\"Link no Texto\" data-track-links=\"\">No Lago Tef\u00e9, no interior do estado, onde mais de 200 botos morreram &#8211; um dos s\u00edmbolos da crise que o Amazonas enfrentou na seca &#8211; o cen\u00e1rio agora \u00e9 de normalidade. No entanto, a causa da morte dos animais ainda segue sendo investigada, informou o Instituto Mamirau\u00e1.<\/p>\n<\/div>\n<\/div>\n<div id=\"chunk-fl5lv\">\n<div class=\"mc-column content-text active-extra-styles \" data-block-type=\"unstyled\" data-block-weight=\"45\" data-block-id=\"12\">\n<p class=\" content-text__container \" data-track-category=\"Link no Texto\" data-track-links=\"\">Conforme Jussara Cury, pesquisadora de geoci\u00eancias do SGB, ap\u00f3s a vazante severa que atingiu o estado, os n\u00edveis dos rios ficaram baixos e precisam de tempo para se recuperar, mas eles ainda est\u00e3o sendo impactados pela pouca quantidade de chuvas durante o\u00a0El Ni\u00f1o.<\/p>\n<\/div>\n<\/div>\n<div id=\"chunk-2ipv9\">\n<div class=\"mc-column content-text active-extra-styles \" data-block-type=\"unstyled\" data-block-weight=\"65\" data-block-id=\"13\">\n<p class=\" content-text__container \" data-track-category=\"Link no Texto\" data-track-links=\"\">&#8220;O fen\u00f4meno afeta no acumulado de chuvas, que est\u00e1 abaixo do normal para o per\u00edodo. No momento Tabatinga, no Alto Solim\u00f5es, est\u00e1 apresentando oscila\u00e7\u00f5es e at\u00e9 descidas. O mesmo ocorre na parte norte da bacia, como Alto Rio Negro e rio Branco, em Roraima, que est\u00e3o em recess\u00e3o e no caso de Boa Vista [capital de Roraima] com n\u00edveis baixos para o per\u00edodo&#8221;, explicou Cury.<\/p>\n<\/div>\n<\/div>\n<div id=\"chunk-1co7s\">\n<div class=\"mc-column content-text active-extra-styles \" data-block-type=\"unstyled\" data-block-weight=\"34\" data-block-id=\"14\">\n<p class=\" content-text__container \" data-track-category=\"Link no Texto\" data-track-links=\"\">Ainda conforme a pesquisadora, o SGB precisa analisar as cotas dos rios nos meses de mar\u00e7o, abril e maio para poder apontar uma proje\u00e7\u00e3o de como os n\u00edveis ir\u00e3o se comportar neste ano.<\/p>\n<div id=\"chunk-5prvu\">\n<div class=\"mc-column content-text active-extra-styles \" data-block-type=\"unstyled\" data-block-weight=\"21\" data-block-id=\"19\">\n<p class=\" content-text__container \" data-track-category=\"Link no Texto\" data-track-links=\"\">Em rela\u00e7\u00e3o aos n\u00edveis para esta\u00e7\u00e3o do Porto de Manaus, que mede o n\u00edvel do Rio Negro, o SGB considera:<\/p>\n<\/div>\n<\/div>\n<div id=\"chunk-cu661\">\n<div class=\"mc-column content-text active-extra-styles\" data-block-type=\"raw\" data-block-weight=\"22\" data-block-id=\"20\">\n<ul class=\"content-unordered-list\">\n<li>Seca: 15,80 metros<\/li>\n<li>Seca severa: 14, 23 metros<\/li>\n<li>Alerta de cheia: 27 metros<\/li>\n<li>Cota de inunda\u00e7\u00e3o: 27,50 metros<\/li>\n<li>Inunda\u00e7\u00e3o severa: 29 metros.<\/li>\n<\/ul>\n<p>Segundo o SGB, durante a seca,\u00a0o Rio Negro parou de subir em junho do ano passado.\u00a0Desde ent\u00e3o, foram quase 50 dias de vazante, isto \u00e9, de descida do rio, at\u00e9 outubro, quando as \u00e1guas alcan\u00e7aram a marca de 12,70 metros, a mais baixa registrada at\u00e9 ent\u00e3o. A partir da\u00ed, o rio voltou a subir gradativamente.<\/p>\n<\/div>\n<p>Mesmo com a subida das \u00e1guas,\u00a0todos os 62 munic\u00edpios do Amazonas se mant\u00eam, desde novembro de 2023, sob decretos de situa\u00e7\u00e3o de emerg\u00eancia\u00a0por causa da estiagem, com durabilidade de 180 dias. Segundo dados da Defesa Civil, o estado tem 637 mil pessoas afetadas at\u00e9 o momento pela seca severa, ou 159 mil fam\u00edlias, conforme o \u00faltimo boletim da estiagem, divulgado pelo \u00f3rg\u00e3o.<\/p>\n<\/div>\n<p>Fonte: G1<\/p>\n<\/div>\n<\/div>\n<\/div>\n<\/div>\n<\/div>\n<\/div>\n<\/div>\n","protected":false},"excerpt":{"rendered":"<p>Ap\u00f3s registrar a maior seca dos \u00faltimos 121 anos, que mudou o cen\u00e1rio no Amazonas, isolou comunidades, e fechou escolas na \u00e1rea rural de\u00a0Manaus, o&#8230;<\/p>\n","protected":false},"author":1527,"featured_media":49803,"comment_status":"closed","ping_status":"closed","sticky":false,"template":"","format":"standard","meta":{"footnotes":""},"categories":[6],"tags":[],"class_list":["post-49802","post","type-post","status-publish","format-standard","has-post-thumbnail","hentry","category-noticias"],"_links":{"self":[{"href":"https:\/\/www.sincomam.org.br\/index.php\/wp-json\/wp\/v2\/posts\/49802","targetHints":{"allow":["GET"]}}],"collection":[{"href":"https:\/\/www.sincomam.org.br\/index.php\/wp-json\/wp\/v2\/posts"}],"about":[{"href":"https:\/\/www.sincomam.org.br\/index.php\/wp-json\/wp\/v2\/types\/post"}],"author":[{"embeddable":true,"href":"https:\/\/www.sincomam.org.br\/index.php\/wp-json\/wp\/v2\/users\/1527"}],"replies":[{"embeddable":true,"href":"https:\/\/www.sincomam.org.br\/index.php\/wp-json\/wp\/v2\/comments?post=49802"}],"version-history":[{"count":2,"href":"https:\/\/www.sincomam.org.br\/index.php\/wp-json\/wp\/v2\/posts\/49802\/revisions"}],"predecessor-version":[{"id":49805,"href":"https:\/\/www.sincomam.org.br\/index.php\/wp-json\/wp\/v2\/posts\/49802\/revisions\/49805"}],"wp:featuredmedia":[{"embeddable":true,"href":"https:\/\/www.sincomam.org.br\/index.php\/wp-json\/wp\/v2\/media\/49803"}],"wp:attachment":[{"href":"https:\/\/www.sincomam.org.br\/index.php\/wp-json\/wp\/v2\/media?parent=49802"}],"wp:term":[{"taxonomy":"category","embeddable":true,"href":"https:\/\/www.sincomam.org.br\/index.php\/wp-json\/wp\/v2\/categories?post=49802"},{"taxonomy":"post_tag","embeddable":true,"href":"https:\/\/www.sincomam.org.br\/index.php\/wp-json\/wp\/v2\/tags?post=49802"}],"curies":[{"name":"wp","href":"https:\/\/api.w.org\/{rel}","templated":true}]}}