{"id":49799,"date":"2024-02-07T10:17:55","date_gmt":"2024-02-07T13:17:55","guid":{"rendered":"http:\/\/www.sincomam.org.br\/?p=49799"},"modified":"2024-02-07T10:17:55","modified_gmt":"2024-02-07T13:17:55","slug":"governo-aumenta-limite-de-isencao-do-ir-em-2-salarios-minimos","status":"publish","type":"post","link":"https:\/\/www.sincomam.org.br\/index.php\/governo-aumenta-limite-de-isencao-do-ir-em-2-salarios-minimos\/","title":{"rendered":"Governo aumenta limite de isen\u00e7\u00e3o do IR em 2 sal\u00e1rios m\u00ednimos"},"content":{"rendered":"<div class=\"post-item-wrap\">\n<p>O governo federal anunciou, na noite desta ter\u00e7a-feira (6), o aumento na faixa de isen\u00e7\u00e3o do Imposto de Renda da Pessoa F\u00edsica (IRPF) para dois sal\u00e1rios m\u00ednimos. \u00c9 o segundo aumento na isen\u00e7\u00e3o desde o in\u00edcio deste governo.<img decoding=\"async\" src=\"https:\/\/agenciabrasil.ebc.com.br\/ebc.png?id=1579800&amp;o=node\" \/><img decoding=\"async\" src=\"https:\/\/agenciabrasil.ebc.com.br\/ebc.gif?id=1579800&amp;o=node\" \/><\/p>\n<p>O teto de isen\u00e7\u00e3o, que estava congelado em R$ 1.903,98 desde 2015, subiu em maio de 2023 para R$ 2.640,00 e agora vai para R$ 2.824,00. \u201cA falta de atualiza\u00e7\u00e3o da tabela, ao longo de tantos anos, fez com que os brasileiros pagassem cada vez mais Imposto de Renda, retirando dinheiro das fam\u00edlias\u201d, afirmou o Minist\u00e9rio da Fazenda.<\/p>\n<p>Conforme explicou a pasta, o contribuinte com rendimentos de at\u00e9 R$ 2.824,00 mensais ser\u00e1 beneficiado com a isen\u00e7\u00e3o porque, dessa renda, subtrai-se o desconto simplificado, de R$ 564,80, resultando em uma base c\u00e1lculo mensal de R$ 2.259,20, ou seja, exatamente o limite m\u00e1ximo da faixa de al\u00edquota zero da nova tabela.<\/p>\n<p>A Medida Provis\u00f3ria n\u00ba 1.206\/24, com a altera\u00e7\u00e3o, foi encaminhada ao Congresso Nacional nesta ter\u00e7a-feira. A MP, no entanto, j\u00e1 est\u00e1 publicada no Di\u00e1rio Oficial e, portanto, j\u00e1 est\u00e1 valendo. No entanto, precisa ser ratificada pelo Congresso Nacional em at\u00e9 120 dias.<\/p>\n<\/div>\n<p class=\"alt-font font-italic my-2 small text-info\">Fonte: Ag\u00eancia Brasil<\/p>\n","protected":false},"excerpt":{"rendered":"<p>O governo federal anunciou, na noite desta ter\u00e7a-feira (6), o aumento na faixa de isen\u00e7\u00e3o do Imposto de Renda da Pessoa F\u00edsica (IRPF) para dois&#8230;<\/p>\n","protected":false},"author":1527,"featured_media":49800,"comment_status":"closed","ping_status":"closed","sticky":false,"template":"","format":"standard","meta":{"footnotes":""},"categories":[6],"tags":[],"class_list":["post-49799","post","type-post","status-publish","format-standard","has-post-thumbnail","hentry","category-noticias"],"_links":{"self":[{"href":"https:\/\/www.sincomam.org.br\/index.php\/wp-json\/wp\/v2\/posts\/49799","targetHints":{"allow":["GET"]}}],"collection":[{"href":"https:\/\/www.sincomam.org.br\/index.php\/wp-json\/wp\/v2\/posts"}],"about":[{"href":"https:\/\/www.sincomam.org.br\/index.php\/wp-json\/wp\/v2\/types\/post"}],"author":[{"embeddable":true,"href":"https:\/\/www.sincomam.org.br\/index.php\/wp-json\/wp\/v2\/users\/1527"}],"replies":[{"embeddable":true,"href":"https:\/\/www.sincomam.org.br\/index.php\/wp-json\/wp\/v2\/comments?post=49799"}],"version-history":[{"count":1,"href":"https:\/\/www.sincomam.org.br\/index.php\/wp-json\/wp\/v2\/posts\/49799\/revisions"}],"predecessor-version":[{"id":49801,"href":"https:\/\/www.sincomam.org.br\/index.php\/wp-json\/wp\/v2\/posts\/49799\/revisions\/49801"}],"wp:featuredmedia":[{"embeddable":true,"href":"https:\/\/www.sincomam.org.br\/index.php\/wp-json\/wp\/v2\/media\/49800"}],"wp:attachment":[{"href":"https:\/\/www.sincomam.org.br\/index.php\/wp-json\/wp\/v2\/media?parent=49799"}],"wp:term":[{"taxonomy":"category","embeddable":true,"href":"https:\/\/www.sincomam.org.br\/index.php\/wp-json\/wp\/v2\/categories?post=49799"},{"taxonomy":"post_tag","embeddable":true,"href":"https:\/\/www.sincomam.org.br\/index.php\/wp-json\/wp\/v2\/tags?post=49799"}],"curies":[{"name":"wp","href":"https:\/\/api.w.org\/{rel}","templated":true}]}}