{"id":4978,"date":"2014-04-17T08:00:49","date_gmt":"2014-04-17T11:00:49","guid":{"rendered":"http:\/\/www.sincomam.org.br\/?p=4978"},"modified":"2014-04-17T10:17:49","modified_gmt":"2014-04-17T13:17:49","slug":"rodoviaria-novo-rio-deve-receber-mais-de-422-mil-no-feriadao","status":"publish","type":"post","link":"https:\/\/www.sincomam.org.br\/index.php\/rodoviaria-novo-rio-deve-receber-mais-de-422-mil-no-feriadao\/","title":{"rendered":"Rodovi\u00e1ria Novo Rio deve receber mais de 422 mil no feriad\u00e3o"},"content":{"rendered":"<p><b><i>O maior movimento de sa\u00edda de passageiros \u00e9 esperado nesta quinta-feira (17), quando mais de 47 mil pessoas devem deixar o Rio de Janeiro<\/i><\/b><\/p>\n<p>Mais de 422,6 mil passageiros devem passar pela Rodovi\u00e1ria Novo Rio nos feriados da Semana Santa, Tiradentes e S\u00e3o Jorge, que se estender\u00e3o at\u00e9 o pr\u00f3ximo dia 23.<\/p>\n<p>Segundo informou a rela\u00e7\u00f5es p\u00fablicas do Cons\u00f3rcio Novo Rio, que administra o terminal, Beatriz Lima, o movimento \u201cser\u00e1 similar ao do carnaval, que registrou meio milh\u00e3o de pessoas na segunda maior rodovi\u00e1ria da Am\u00e9rica do Sul\u201d.<\/p>\n<p>Beatriz Lima aconselhou as pessoas que pretendem viajar a adquirir com as passagens com anteced\u00eancia, seja diretamente nos guich\u00eas das companhias de transporte, no terminal, ou pelo site <a href=\"http:\/\/www.transportal.com.br\/rodoviaria-novorio\/\" target=\"_blank\">www.novorio.com.br<\/a>, evitando comprar de cambistas.<\/p>\n<p>O maior movimento de sa\u00edda de passageiros \u00e9 esperado nesta quinta-feira (17), quando mais de 47 mil pessoas devem deixar o Rio de Janeiro.<\/p>\n<p>Os destinos mais procurados s\u00e3o os munic\u00edpios da Regi\u00e3o dos Lagos e da regi\u00e3o serrana, al\u00e9m de cidades de Minas Gerais, Esp\u00edrito Santo e S\u00e3o Paulo. Ao todo, ser\u00e3o utilizados 14.298 \u00f4nibus, dos quais 3.507 s\u00e3o extras.<\/p>\n<p>No dia 17, o cons\u00f3rcio e parceiros promover\u00e3o no per\u00edodo da manh\u00e3, no Espa\u00e7o Cultural Novo Rio, no segundo pavimento da rodovi\u00e1ria, um evento infantil gratuito de P\u00e1scoa, envolvendo atividades recreativas, show do Coelhinho e distribui\u00e7\u00e3o de chocolates.<\/p>\n<p>Fonte: Ag\u00eancia Brasil<\/p>\n","protected":false},"excerpt":{"rendered":"<p>O maior movimento de sa\u00edda de passageiros \u00e9 esperado nesta quinta-feira (17), quando mais de 47 mil pessoas devem deixar o Rio de Janeiro Mais&#8230;<\/p>\n","protected":false},"author":1182,"featured_media":4861,"comment_status":"closed","ping_status":"closed","sticky":false,"template":"","format":"standard","meta":{"footnotes":""},"categories":[6],"tags":[964,965,962,963,966,961,60],"class_list":["post-4978","post","type-post","status-publish","format-standard","has-post-thumbnail","hentry","category-noticias","tag-feriado","tag-movimento","tag-novorio","tag-pascoa","tag-pessoas","tag-rodoviaria","tag-turistas"],"_links":{"self":[{"href":"https:\/\/www.sincomam.org.br\/index.php\/wp-json\/wp\/v2\/posts\/4978","targetHints":{"allow":["GET"]}}],"collection":[{"href":"https:\/\/www.sincomam.org.br\/index.php\/wp-json\/wp\/v2\/posts"}],"about":[{"href":"https:\/\/www.sincomam.org.br\/index.php\/wp-json\/wp\/v2\/types\/post"}],"author":[{"embeddable":true,"href":"https:\/\/www.sincomam.org.br\/index.php\/wp-json\/wp\/v2\/users\/1182"}],"replies":[{"embeddable":true,"href":"https:\/\/www.sincomam.org.br\/index.php\/wp-json\/wp\/v2\/comments?post=4978"}],"version-history":[{"count":1,"href":"https:\/\/www.sincomam.org.br\/index.php\/wp-json\/wp\/v2\/posts\/4978\/revisions"}],"predecessor-version":[{"id":4979,"href":"https:\/\/www.sincomam.org.br\/index.php\/wp-json\/wp\/v2\/posts\/4978\/revisions\/4979"}],"wp:featuredmedia":[{"embeddable":true,"href":"https:\/\/www.sincomam.org.br\/index.php\/wp-json\/wp\/v2\/media\/4861"}],"wp:attachment":[{"href":"https:\/\/www.sincomam.org.br\/index.php\/wp-json\/wp\/v2\/media?parent=4978"}],"wp:term":[{"taxonomy":"category","embeddable":true,"href":"https:\/\/www.sincomam.org.br\/index.php\/wp-json\/wp\/v2\/categories?post=4978"},{"taxonomy":"post_tag","embeddable":true,"href":"https:\/\/www.sincomam.org.br\/index.php\/wp-json\/wp\/v2\/tags?post=4978"}],"curies":[{"name":"wp","href":"https:\/\/api.w.org\/{rel}","templated":true}]}}