{"id":49765,"date":"2024-02-06T11:35:45","date_gmt":"2024-02-06T14:35:45","guid":{"rendered":"http:\/\/www.sincomam.org.br\/?p=49765"},"modified":"2024-02-06T11:37:16","modified_gmt":"2024-02-06T14:37:16","slug":"porto-de-sao-francisco-adere-ao-pacto-global-da-onu","status":"publish","type":"post","link":"https:\/\/www.sincomam.org.br\/index.php\/porto-de-sao-francisco-adere-ao-pacto-global-da-onu\/","title":{"rendered":"Porto de S\u00e3o Francisco adere ao Pacto Global da ONU"},"content":{"rendered":"<p>O Porto de S\u00e3o Francisco do Sul se tornou signat\u00e1rio do Pacto Global da Organiza\u00e7\u00e3o das Na\u00e7\u00f5es Unidas (ONU), iniciativa que estimula companhias a adotar pr\u00e1ticas que promovam o crescimento sustent\u00e1vel e a cidadania.<\/p>\n<p>O Pacto Global est\u00e1 baseado em dez princ\u00edpios universais, derivados da Declara\u00e7\u00e3o Universal de Direitos Humanos, da Declara\u00e7\u00e3o da Organiza\u00e7\u00e3o Internacional do Trabalho, da Declara\u00e7\u00e3o do Rio sobre Meio Ambiente e da Conven\u00e7\u00e3o da ONU Contra a Corrup\u00e7\u00e3o.<\/p>\n<p>As organiza\u00e7\u00f5es que passam a fazer parte do Pacto Global se comprometem a seguir esses princ\u00edpios no cotidiano de suas opera\u00e7\u00f5es.<\/p>\n<p>Entre os compromissos que o porto assumiu, est\u00e3o o respeito aos direitos humanos, aboli\u00e7\u00e3o do trabalho infantil e elimina\u00e7\u00e3o da discrimina\u00e7\u00e3o no emprego.<\/p>\n<p>Tamb\u00e9m deve promover a responsabilidade ambiental e incentivar o desenvolvimento de tecnologias ambientalmente amig\u00e1veis, al\u00e9m de combater todas as formas de corrup\u00e7\u00e3o.<\/p>\n<p>A partir de agora, o porto deve reportar anualmente \u00e0 ONU seu progresso em rela\u00e7\u00e3o a esses objetivos.<\/p>\n<p>Com a iniciativa, o porto passa a integrar uma lista de cerca de 60 portos no mundo que adotaram o mecanismo de incentivo \u00e0s pr\u00e1ticas de sustentabilidade e cidadania, al\u00e9m de fazer parte de um seleto grupo de portos brasileiros que aderiram ao Pacto.<\/p>\n<p>O Pacto Global \u00e9 hoje a maior iniciativa de sustentabilidade corporativa do mundo, com mais de 16 mil membros, entre empresas e organiza\u00e7\u00f5es, distribu\u00eddos em 160 pa\u00edses.<\/p>\n<p>Para o diretor de Opera\u00e7\u00f5es e Log\u00edstica do Porto, Pablo Fonseca, a ades\u00e3o ao Pacto Global da ONU representa um avan\u00e7o na moderniza\u00e7\u00e3o da gest\u00e3o portu\u00e1ria, alinhando-se \u00e0s melhores pr\u00e1ticas globais, em mais um passo em seu compromisso de gerar neg\u00f3cios que impulsionem a economia sustent\u00e1vel.<\/p>\n<p>\u201cEstamos assumindo o compromiss\u00e3o com a implementa\u00e7\u00e3o das nossas a\u00e7\u00f5es em conson\u00e2ncia com as tend\u00eancias mundiais, como o respeito ao ecossistema em que atuamos e a promo\u00e7\u00e3o dos direitos humanos entre os colaboradores\u201d.<\/p>\n<p>Para Fonseca, um exemplo concreto desse compromisso \u00e9 a futura obra de dragagem do canal de acesso ao complexo portu\u00e1rio, que ser\u00e1 conduzida com prioridade ao respeito pela vida marinha da Ba\u00eda da Babitonga.<\/p>\n<p>Fonte: Portos e Navios<\/p>\n","protected":false},"excerpt":{"rendered":"<p>O Porto de S\u00e3o Francisco do Sul se tornou signat\u00e1rio do Pacto Global da Organiza\u00e7\u00e3o das Na\u00e7\u00f5es Unidas (ONU), iniciativa que estimula companhias a adotar&#8230;<\/p>\n","protected":false},"author":1527,"featured_media":49766,"comment_status":"closed","ping_status":"closed","sticky":false,"template":"","format":"standard","meta":{"footnotes":""},"categories":[6],"tags":[],"class_list":["post-49765","post","type-post","status-publish","format-standard","has-post-thumbnail","hentry","category-noticias"],"_links":{"self":[{"href":"https:\/\/www.sincomam.org.br\/index.php\/wp-json\/wp\/v2\/posts\/49765","targetHints":{"allow":["GET"]}}],"collection":[{"href":"https:\/\/www.sincomam.org.br\/index.php\/wp-json\/wp\/v2\/posts"}],"about":[{"href":"https:\/\/www.sincomam.org.br\/index.php\/wp-json\/wp\/v2\/types\/post"}],"author":[{"embeddable":true,"href":"https:\/\/www.sincomam.org.br\/index.php\/wp-json\/wp\/v2\/users\/1527"}],"replies":[{"embeddable":true,"href":"https:\/\/www.sincomam.org.br\/index.php\/wp-json\/wp\/v2\/comments?post=49765"}],"version-history":[{"count":2,"href":"https:\/\/www.sincomam.org.br\/index.php\/wp-json\/wp\/v2\/posts\/49765\/revisions"}],"predecessor-version":[{"id":49768,"href":"https:\/\/www.sincomam.org.br\/index.php\/wp-json\/wp\/v2\/posts\/49765\/revisions\/49768"}],"wp:featuredmedia":[{"embeddable":true,"href":"https:\/\/www.sincomam.org.br\/index.php\/wp-json\/wp\/v2\/media\/49766"}],"wp:attachment":[{"href":"https:\/\/www.sincomam.org.br\/index.php\/wp-json\/wp\/v2\/media?parent=49765"}],"wp:term":[{"taxonomy":"category","embeddable":true,"href":"https:\/\/www.sincomam.org.br\/index.php\/wp-json\/wp\/v2\/categories?post=49765"},{"taxonomy":"post_tag","embeddable":true,"href":"https:\/\/www.sincomam.org.br\/index.php\/wp-json\/wp\/v2\/tags?post=49765"}],"curies":[{"name":"wp","href":"https:\/\/api.w.org\/{rel}","templated":true}]}}