{"id":49755,"date":"2024-02-05T09:29:27","date_gmt":"2024-02-05T12:29:27","guid":{"rendered":"http:\/\/www.sincomam.org.br\/?p=49755"},"modified":"2024-02-05T09:29:27","modified_gmt":"2024-02-05T12:29:27","slug":"saiba-os-temas-que-devem-ser-votados-pelo-congresso-em-2024","status":"publish","type":"post","link":"https:\/\/www.sincomam.org.br\/index.php\/saiba-os-temas-que-devem-ser-votados-pelo-congresso-em-2024\/","title":{"rendered":"Saiba os temas que devem ser votados pelo Congresso em 2024"},"content":{"rendered":"<p>Em sess\u00e3o solene marcada para esta segunda-feira (5), o Legislativo abre oficialmente as atividades de 2024. Na cerim\u00f4nia, marcada para come\u00e7ar \u00e0s 15h, est\u00e3o previstas as leituras das mensagens dos Poderes Executivo e Judici\u00e1rio enviadas ao Congresso Nacional. A mensagem do presidente Luiz In\u00e1cio Lula da Silva deve detalhar as prioridades do governo no parlamento.<img decoding=\"async\" src=\"https:\/\/agenciabrasil.ebc.com.br\/ebc.png?id=1579420&amp;o=node\" \/><img decoding=\"async\" src=\"https:\/\/agenciabrasil.ebc.com.br\/ebc.gif?id=1579420&amp;o=node\" \/><\/p>\n<p>Entre os projetos que devem ser discutidos neste ano no Congresso Nacional destacam-se as medidas de\u00a0regulamenta\u00e7\u00e3o da reforma tribut\u00e1ria\u00a0aprovada no ano passado. Isso porque a Emenda Constitucional 132, que instituiu a reforma tribut\u00e1ria, ainda precisa de regulamenta\u00e7\u00e3o via leis complementares\u00a0para as principais mudan\u00e7as come\u00e7arem a valer.<\/p>\n<p>Os projetos devem ser enviados pelo Executivo e v\u00e3o tratar sobre a forma de cobran\u00e7a do Imposto sobre Bens e Servi\u00e7os (IBS) e da Contribui\u00e7\u00e3o sobre Bens e Servi\u00e7os (CBS); o funcionamento do comit\u00ea gestor dos recursos do IBS; a compensa\u00e7\u00e3o de eventuais perdas de receita para estados, Distrito Federal e munic\u00edpios; e sobre os regimes diferenciados e reembolsos de cr\u00e9ditos previstos na reforma.<\/p>\n<p>Outros temas que devem ocupar os deputados federais e senadores neste in\u00edcio de ano s\u00e3o a\u00a0reonera\u00e7\u00e3o da folha de pagamento de 17 setores da economia, institu\u00edda pela Medida Provis\u00f3ria (MP) 1.202, e os\u00a0vetos presidenciais ao or\u00e7amento, que cortaram R$ 5,6 bilh\u00f5es de emendas parlamentares.<\/p>\n<p>Tamb\u00e9m devem entrar na pauta de vota\u00e7\u00f5es neste ano no Congresso Nacional a reforma do C\u00f3digo Civil, a regula\u00e7\u00e3o da Intelig\u00eancia Artificial (IA), a chamada minirreforma eleitoral e medidas para a transi\u00e7\u00e3o ecol\u00f3gica, como o projeto para o mercado regulado de carbono e a regula\u00e7\u00e3o do mercado do hidrog\u00eanio verde.<\/p>\n<p>A reforma tribut\u00e1ria sobre a renda prometida pelo governo tamb\u00e9m pode ser discutida neste ano. Al\u00e9m disso, a C\u00e2mara e o Senado devem analisar 20 Medidas Provis\u00f3rias (MP) j\u00e1 editadas pelo Executivo.<\/p>\n<p>Por ser um ano eleitoral, existe tamb\u00e9m a expectativa de que temas importantes se concentrem no primeiro semestre do ano, j\u00e1 que o segundo semestre ser\u00e1 marcado pelas elei\u00e7\u00f5es de prefeitos e vereadores, o que costuma reduzir o n\u00edvel de vota\u00e7\u00f5es na C\u00e2mara e no Senado.<\/p>\n<p>O presidente do Congresso Nacional, Rodrigo Pacheco (PSD-MG), afirmou que vai priorizar neste ano a altera\u00e7\u00e3o do C\u00f3digo Civil. No ano passado, o Senado instalou uma comiss\u00e3o de juristas para sugerir mudan\u00e7as na legisla\u00e7\u00e3o em vigor. A expectativa \u00e9 que o anteprojeto seja entregue aos parlamentares em abril.<\/p>\n<h2>IA e Fake News<\/h2>\n<p>Outro tema priorit\u00e1rio para Pacheco e para o governo \u00e9 a regula\u00e7\u00e3o do uso da intelig\u00eancia artificial. A medida aguarda relat\u00f3rio do senador Eduardo Gomes (PL-TO) na Comiss\u00e3o na Comiss\u00e3o Tempor\u00e1ria sobre Intelig\u00eancia Artificial (CTIA). Na semana passada, a\u00a0Uni\u00e3o Europeia deu aval\u00a0as primeiras regras do mundo para intelig\u00eancia artificial.<\/p>\n<p>Outro tema que tem ganhado a aten\u00e7\u00e3o do governo federal e de parlamentares e pode ser aprovado neste ano \u00e9 o projeto de lei 2630,\u00a0chamado de \u201cPL das Fakes News\u201d, que prev\u00ea regular as redes sociais para combater a desinforma\u00e7\u00e3o. Um texto sobre o tema chegou a tramitar no ano passado, mas teve a vota\u00e7\u00e3o suspensa ap\u00f3s press\u00e3o das empresas de tecnologia.<\/p>\n<p>&nbsp;<\/p>\n<p>Fonte: Ag\u00eancia Brasil<\/p>\n","protected":false},"excerpt":{"rendered":"<p>Em sess\u00e3o solene marcada para esta segunda-feira (5), o Legislativo abre oficialmente as atividades de 2024. Na cerim\u00f4nia, marcada para come\u00e7ar \u00e0s 15h, est\u00e3o previstas&#8230;<\/p>\n","protected":false},"author":1527,"featured_media":49756,"comment_status":"closed","ping_status":"closed","sticky":false,"template":"","format":"standard","meta":{"footnotes":""},"categories":[6],"tags":[],"class_list":["post-49755","post","type-post","status-publish","format-standard","has-post-thumbnail","hentry","category-noticias"],"_links":{"self":[{"href":"https:\/\/www.sincomam.org.br\/index.php\/wp-json\/wp\/v2\/posts\/49755","targetHints":{"allow":["GET"]}}],"collection":[{"href":"https:\/\/www.sincomam.org.br\/index.php\/wp-json\/wp\/v2\/posts"}],"about":[{"href":"https:\/\/www.sincomam.org.br\/index.php\/wp-json\/wp\/v2\/types\/post"}],"author":[{"embeddable":true,"href":"https:\/\/www.sincomam.org.br\/index.php\/wp-json\/wp\/v2\/users\/1527"}],"replies":[{"embeddable":true,"href":"https:\/\/www.sincomam.org.br\/index.php\/wp-json\/wp\/v2\/comments?post=49755"}],"version-history":[{"count":1,"href":"https:\/\/www.sincomam.org.br\/index.php\/wp-json\/wp\/v2\/posts\/49755\/revisions"}],"predecessor-version":[{"id":49757,"href":"https:\/\/www.sincomam.org.br\/index.php\/wp-json\/wp\/v2\/posts\/49755\/revisions\/49757"}],"wp:featuredmedia":[{"embeddable":true,"href":"https:\/\/www.sincomam.org.br\/index.php\/wp-json\/wp\/v2\/media\/49756"}],"wp:attachment":[{"href":"https:\/\/www.sincomam.org.br\/index.php\/wp-json\/wp\/v2\/media?parent=49755"}],"wp:term":[{"taxonomy":"category","embeddable":true,"href":"https:\/\/www.sincomam.org.br\/index.php\/wp-json\/wp\/v2\/categories?post=49755"},{"taxonomy":"post_tag","embeddable":true,"href":"https:\/\/www.sincomam.org.br\/index.php\/wp-json\/wp\/v2\/tags?post=49755"}],"curies":[{"name":"wp","href":"https:\/\/api.w.org\/{rel}","templated":true}]}}