{"id":49752,"date":"2024-02-05T09:28:17","date_gmt":"2024-02-05T12:28:17","guid":{"rendered":"http:\/\/www.sincomam.org.br\/?p=49752"},"modified":"2024-02-05T09:28:17","modified_gmt":"2024-02-05T12:28:17","slug":"cidade-do-rio-entra-em-situacao-de-emergencia-devido-a-casos-de-dengue","status":"publish","type":"post","link":"https:\/\/www.sincomam.org.br\/index.php\/cidade-do-rio-entra-em-situacao-de-emergencia-devido-a-casos-de-dengue\/","title":{"rendered":"Cidade do Rio entra em situa\u00e7\u00e3o de emerg\u00eancia devido a casos de dengue"},"content":{"rendered":"<p>A cidade do Rio de Janeiro entrou nesta segunda-feira (5) em situa\u00e7\u00e3o de emerg\u00eancia devido ao aumento do n\u00famero de interna\u00e7\u00f5es por suspeita de dengue.\u00a0O decreto\u00a0assinado sexta-feira (2) pelo prefeito\u00a0Eduardo Paes\u00a0foi publicado na edi\u00e7\u00e3o desta segunda do\u00a0<em>Di\u00e1rio Oficial<\/em>\u00a0do munic\u00edpio..<img decoding=\"async\" src=\"https:\/\/agenciabrasil.ebc.com.br\/ebc.png?id=1579429&amp;o=node\" \/><img decoding=\"async\" src=\"https:\/\/agenciabrasil.ebc.com.br\/ebc.gif?id=1579429&amp;o=node\" \/><\/p>\n<p>Na \u00faltima sexta-feira, a prefeitura apresentou um plano de conting\u00eancia para enfrentamento \u00e0 epidemia da doen\u00e7a, que prev\u00ea medidas de assist\u00eancia \u00e0 popula\u00e7\u00e3o e combate ao mosquito\u00a0<em>Aedes aegypti<\/em>, transmissor do v\u00edrus da dengue.<\/p>\n<p>Entre as medidas anunciadas est\u00e3o\u00a0a abertura de dez polos de atendimento,\u00a0a cria\u00e7\u00e3o do Centro de Opera\u00e7\u00f5es de Emerg\u00eancia (COE-Dengue) e a disponibiliza\u00e7\u00e3o\u00a0de leitos para pacientes com dengue nos hospitais da rede municipal.\u00a0Al\u00e9m disso, est\u00e3o previstos\u00a0o uso de carros fumac\u00ea nas regi\u00f5es com maiores incid\u00eancias de casos e a entrada compuls\u00f3ria em im\u00f3veis fechados e abandonados.<\/p>\n<p>De acordo com dados divulgados na sexta-feira,\u00a0o munic\u00edpio do Rio de Janeiro j\u00e1 registra mais de 10 mil casos de\u00a0dengue neste ano, quase a metade dos registros de todo o ano de 2023 (22.959). A taxa de incid\u00eancia \u00e9 de 160,68 por 100 mil habitantes.<\/p>\n<p>&nbsp;<\/p>\n<p>Fonte: Ag\u00eancia Brasil<\/p>\n","protected":false},"excerpt":{"rendered":"<p>A cidade do Rio de Janeiro entrou nesta segunda-feira (5) em situa\u00e7\u00e3o de emerg\u00eancia devido ao aumento do n\u00famero de interna\u00e7\u00f5es por suspeita de dengue.\u00a0O&#8230;<\/p>\n","protected":false},"author":1527,"featured_media":49753,"comment_status":"closed","ping_status":"closed","sticky":false,"template":"","format":"standard","meta":{"footnotes":""},"categories":[6],"tags":[],"class_list":["post-49752","post","type-post","status-publish","format-standard","has-post-thumbnail","hentry","category-noticias"],"_links":{"self":[{"href":"https:\/\/www.sincomam.org.br\/index.php\/wp-json\/wp\/v2\/posts\/49752","targetHints":{"allow":["GET"]}}],"collection":[{"href":"https:\/\/www.sincomam.org.br\/index.php\/wp-json\/wp\/v2\/posts"}],"about":[{"href":"https:\/\/www.sincomam.org.br\/index.php\/wp-json\/wp\/v2\/types\/post"}],"author":[{"embeddable":true,"href":"https:\/\/www.sincomam.org.br\/index.php\/wp-json\/wp\/v2\/users\/1527"}],"replies":[{"embeddable":true,"href":"https:\/\/www.sincomam.org.br\/index.php\/wp-json\/wp\/v2\/comments?post=49752"}],"version-history":[{"count":1,"href":"https:\/\/www.sincomam.org.br\/index.php\/wp-json\/wp\/v2\/posts\/49752\/revisions"}],"predecessor-version":[{"id":49754,"href":"https:\/\/www.sincomam.org.br\/index.php\/wp-json\/wp\/v2\/posts\/49752\/revisions\/49754"}],"wp:featuredmedia":[{"embeddable":true,"href":"https:\/\/www.sincomam.org.br\/index.php\/wp-json\/wp\/v2\/media\/49753"}],"wp:attachment":[{"href":"https:\/\/www.sincomam.org.br\/index.php\/wp-json\/wp\/v2\/media?parent=49752"}],"wp:term":[{"taxonomy":"category","embeddable":true,"href":"https:\/\/www.sincomam.org.br\/index.php\/wp-json\/wp\/v2\/categories?post=49752"},{"taxonomy":"post_tag","embeddable":true,"href":"https:\/\/www.sincomam.org.br\/index.php\/wp-json\/wp\/v2\/tags?post=49752"}],"curies":[{"name":"wp","href":"https:\/\/api.w.org\/{rel}","templated":true}]}}