{"id":49736,"date":"2024-02-02T10:42:33","date_gmt":"2024-02-02T13:42:33","guid":{"rendered":"http:\/\/www.sincomam.org.br\/?p=49736"},"modified":"2024-02-02T10:42:33","modified_gmt":"2024-02-02T13:42:33","slug":"casos-agudos-de-covid-19-aumentam-no-norte-e-nordeste","status":"publish","type":"post","link":"https:\/\/www.sincomam.org.br\/index.php\/casos-agudos-de-covid-19-aumentam-no-norte-e-nordeste\/","title":{"rendered":"Casos agudos de covid-19 aumentam no Norte e Nordeste"},"content":{"rendered":"<p>Os casos de s\u00edndrome respirat\u00f3ria aguda grave (SRAG) por covid-19 apresentam tend\u00eancia de alta em estados do Norte e Nordeste, informa o \u00faltimo boletim InfoGripe da Funda\u00e7\u00e3o Oswaldo Cruz (Fiocruz). O movimento segue em sentido oposto do resto do Centro-Sul, regi\u00e3o em que a tend\u00eancia \u00e9 de queda.<img decoding=\"async\" src=\"https:\/\/agenciabrasil.ebc.com.br\/ebc.png?id=1578967&amp;o=node\" \/><img decoding=\"async\" src=\"https:\/\/agenciabrasil.ebc.com.br\/ebc.gif?id=1578967&amp;o=node\" \/><\/p>\n<p>A an\u00e1lise tem como base os dados da semana de 21 a 27 de janeiro e das seis semanas anteriores, inseridos at\u00e9 29 de janeiro no Sistema de Informa\u00e7\u00e3o da Vigil\u00e2ncia Epidemiol\u00f3gica da Gripe (Sivep-Gripe).<\/p>\n<p>Os casos de s\u00edndrome respirat\u00f3ria aguda grave s\u00e3o aqueles em que os pacientes apresentam sintomas respirat\u00f3rios mais agudos durante as infec\u00e7\u00f5es e servem de par\u00e2metro para monitorar a incid\u00eancia de v\u00edrus e bact\u00e9rias que atacam o sistema respirat\u00f3rio, como o SARS-CoV-2 e o Influenza.<\/p>\n<h2>Aumento tardio<\/h2>\n<p>O pesquisador do Programa de Computa\u00e7\u00e3o Cient\u00edfica da Fiocruz (Procc\/Fiocruz) e coordenador do InfoGripe, Marcelo Gomes, explica que o Norte demorou mais a ser afetado pelo crescimento da covid-19 ocorrido no segundo semestre de 2023 no restante do pa\u00eds. &#8220;O aumento come\u00e7ou pelo Centro-Sul e afetou o Nordeste no final do ano passado, chegando ao Norte apenas agora na virada do ano&#8221;, observou Gomes.<\/p>\n<p>O boletim aponta crescimento da SRAG por covid-19 no Amap\u00e1, em Mato Grosso, no Par\u00e1, em Pernambuco, no Piau\u00ed, em Sergipe e no Tocantins. J\u00e1 em Alagoas e no Rio Grande do Norte, verifica-se interrup\u00e7\u00e3o na tend\u00eancia de crescimento.<\/p>\n<h2>Crian\u00e7as e idosos<\/h2>\n<p>Segundo a Fiocruz, nas \u00faltimas oito semanas, a incid\u00eancia e mortalidade por covid-19 mant\u00e9m maior impacto nas crian\u00e7as at\u00e9 2 anos e popula\u00e7\u00e3o a partir de 65 anos de idade.<\/p>\n<p>&#8220;Enquanto a incid\u00eancia de SRAG apresenta impacto mais elevado nas crian\u00e7as at\u00e9 dois anos de idade, em termos de mortalidade temos o inverso, com a popula\u00e7\u00e3o a partir de 65 anos sendo a mais impactada&#8221;, diz Gomes.<\/p>\n<p>Neste ano, j\u00e1 foram registrados 4.240 casos de s\u00edndrome respirat\u00f3ria aguda grave e 35% \u00a0foram causados por algum v\u00edrus respirat\u00f3rio. Entre esses casos virais, dois ter\u00e7os s\u00e3o resultado de infec\u00e7\u00f5es pelo SARS-CoV-2.<\/p>\n<p>Fonte: Ag\u00eancia Brasil<\/p>\n","protected":false},"excerpt":{"rendered":"<p>Os casos de s\u00edndrome respirat\u00f3ria aguda grave (SRAG) por covid-19 apresentam tend\u00eancia de alta em estados do Norte e Nordeste, informa o \u00faltimo boletim InfoGripe&#8230;<\/p>\n","protected":false},"author":1527,"featured_media":49737,"comment_status":"closed","ping_status":"closed","sticky":false,"template":"","format":"standard","meta":{"footnotes":""},"categories":[6],"tags":[],"class_list":["post-49736","post","type-post","status-publish","format-standard","has-post-thumbnail","hentry","category-noticias"],"_links":{"self":[{"href":"https:\/\/www.sincomam.org.br\/index.php\/wp-json\/wp\/v2\/posts\/49736","targetHints":{"allow":["GET"]}}],"collection":[{"href":"https:\/\/www.sincomam.org.br\/index.php\/wp-json\/wp\/v2\/posts"}],"about":[{"href":"https:\/\/www.sincomam.org.br\/index.php\/wp-json\/wp\/v2\/types\/post"}],"author":[{"embeddable":true,"href":"https:\/\/www.sincomam.org.br\/index.php\/wp-json\/wp\/v2\/users\/1527"}],"replies":[{"embeddable":true,"href":"https:\/\/www.sincomam.org.br\/index.php\/wp-json\/wp\/v2\/comments?post=49736"}],"version-history":[{"count":1,"href":"https:\/\/www.sincomam.org.br\/index.php\/wp-json\/wp\/v2\/posts\/49736\/revisions"}],"predecessor-version":[{"id":49738,"href":"https:\/\/www.sincomam.org.br\/index.php\/wp-json\/wp\/v2\/posts\/49736\/revisions\/49738"}],"wp:featuredmedia":[{"embeddable":true,"href":"https:\/\/www.sincomam.org.br\/index.php\/wp-json\/wp\/v2\/media\/49737"}],"wp:attachment":[{"href":"https:\/\/www.sincomam.org.br\/index.php\/wp-json\/wp\/v2\/media?parent=49736"}],"wp:term":[{"taxonomy":"category","embeddable":true,"href":"https:\/\/www.sincomam.org.br\/index.php\/wp-json\/wp\/v2\/categories?post=49736"},{"taxonomy":"post_tag","embeddable":true,"href":"https:\/\/www.sincomam.org.br\/index.php\/wp-json\/wp\/v2\/tags?post=49736"}],"curies":[{"name":"wp","href":"https:\/\/api.w.org\/{rel}","templated":true}]}}