{"id":49733,"date":"2024-02-02T10:40:38","date_gmt":"2024-02-02T13:40:38","guid":{"rendered":"http:\/\/www.sincomam.org.br\/?p=49733"},"modified":"2024-02-02T10:40:38","modified_gmt":"2024-02-02T13:40:38","slug":"inss-convoca-43-milhoes-de-pessoas-para-fazer-prova-de-vida","status":"publish","type":"post","link":"https:\/\/www.sincomam.org.br\/index.php\/inss-convoca-43-milhoes-de-pessoas-para-fazer-prova-de-vida\/","title":{"rendered":"INSS convoca 4,3 milh\u00f5es de pessoas para fazer prova de vida"},"content":{"rendered":"<p>O Instituto Nacional do Seguro Social (INSS) convocar\u00e1 4,3 milh\u00f5es de aposentados, pensionistas e benefici\u00e1rios de aux\u00edlios de longa dura\u00e7\u00e3o para fazer a prova de vida anual. Desde o in\u00edcio de 2023 que\u00a0cabe ao instituto comprovar que o benefici\u00e1rio est\u00e1 vivo, a partir de cruzamento de dados. No entanto, para os casos em que o rastreamento n\u00e3o \u00e9 efetivo, o titular precisa fazer ele mesmo a prova de vida.<img decoding=\"async\" src=\"https:\/\/agenciabrasil.ebc.com.br\/ebc.png?id=1579158&amp;o=node\" \/><img decoding=\"async\" src=\"https:\/\/agenciabrasil.ebc.com.br\/ebc.gif?id=1579158&amp;o=node\" \/><\/p>\n<p>\u201cElas se enquadram nos casos em que o INSS n\u00e3o consegue fazer a comprova\u00e7\u00e3o de vida por n\u00e3o encontrar o benefici\u00e1rio em nenhuma base de dados. Por conta disso, \u00e9 enviada uma notifica\u00e7\u00e3o via aplicativo Meu INSS, Central 135, e\/ou notifica\u00e7\u00e3o banc\u00e1ria informando que a prova de vida ainda n\u00e3o foi efetivada\u201d, afirmou o INSS. As 4.351.557 de pessoas convocadas s\u00e3o nascidas nos meses de janeiro a mar\u00e7o.<\/p>\n<p>J\u00e1 foram notificadas 3.089.043 pessoas nascidas em janeiro e fevereiro. Nesta quinta-feira foi a vez de 1.262.514 que fazem anivers\u00e1rio em mar\u00e7o que est\u00e3o h\u00e1 mais de 12 meses sem realizar a prova de vida.<\/p>\n<p>Os segurados que receberem a notifica\u00e7\u00e3o devem procurar o Meu INSS ou o banco onde recebem o benef\u00edcio para realizar a prova de vida.<\/p>\n<p>Passados 60 dias ap\u00f3s as notifica\u00e7\u00f5es via aplicativo Meu INSS, Central 135, e\/ou notifica\u00e7\u00e3o banc\u00e1ria, n\u00e3o havendo a comprova\u00e7\u00e3o de vida, o pagamento poder\u00e1 ser bloqueado.<\/p>\n<p>Fonte: Ag\u00eancia Brasil<\/p>\n","protected":false},"excerpt":{"rendered":"<p>O Instituto Nacional do Seguro Social (INSS) convocar\u00e1 4,3 milh\u00f5es de aposentados, pensionistas e benefici\u00e1rios de aux\u00edlios de longa dura\u00e7\u00e3o para fazer a prova de&#8230;<\/p>\n","protected":false},"author":1527,"featured_media":49734,"comment_status":"closed","ping_status":"closed","sticky":false,"template":"","format":"standard","meta":{"footnotes":""},"categories":[6],"tags":[],"class_list":["post-49733","post","type-post","status-publish","format-standard","has-post-thumbnail","hentry","category-noticias"],"_links":{"self":[{"href":"https:\/\/www.sincomam.org.br\/index.php\/wp-json\/wp\/v2\/posts\/49733","targetHints":{"allow":["GET"]}}],"collection":[{"href":"https:\/\/www.sincomam.org.br\/index.php\/wp-json\/wp\/v2\/posts"}],"about":[{"href":"https:\/\/www.sincomam.org.br\/index.php\/wp-json\/wp\/v2\/types\/post"}],"author":[{"embeddable":true,"href":"https:\/\/www.sincomam.org.br\/index.php\/wp-json\/wp\/v2\/users\/1527"}],"replies":[{"embeddable":true,"href":"https:\/\/www.sincomam.org.br\/index.php\/wp-json\/wp\/v2\/comments?post=49733"}],"version-history":[{"count":1,"href":"https:\/\/www.sincomam.org.br\/index.php\/wp-json\/wp\/v2\/posts\/49733\/revisions"}],"predecessor-version":[{"id":49735,"href":"https:\/\/www.sincomam.org.br\/index.php\/wp-json\/wp\/v2\/posts\/49733\/revisions\/49735"}],"wp:featuredmedia":[{"embeddable":true,"href":"https:\/\/www.sincomam.org.br\/index.php\/wp-json\/wp\/v2\/media\/49734"}],"wp:attachment":[{"href":"https:\/\/www.sincomam.org.br\/index.php\/wp-json\/wp\/v2\/media?parent=49733"}],"wp:term":[{"taxonomy":"category","embeddable":true,"href":"https:\/\/www.sincomam.org.br\/index.php\/wp-json\/wp\/v2\/categories?post=49733"},{"taxonomy":"post_tag","embeddable":true,"href":"https:\/\/www.sincomam.org.br\/index.php\/wp-json\/wp\/v2\/tags?post=49733"}],"curies":[{"name":"wp","href":"https:\/\/api.w.org\/{rel}","templated":true}]}}