{"id":49727,"date":"2024-02-02T10:33:49","date_gmt":"2024-02-02T13:33:49","guid":{"rendered":"http:\/\/www.sincomam.org.br\/?p=49727"},"modified":"2024-02-02T10:33:49","modified_gmt":"2024-02-02T13:33:49","slug":"antaq-avanca-no-projeto-de-concessao-de-area-do-porto-de-itajai-sc","status":"publish","type":"post","link":"https:\/\/www.sincomam.org.br\/index.php\/antaq-avanca-no-projeto-de-concessao-de-area-do-porto-de-itajai-sc\/","title":{"rendered":"ANTAQ AVAN\u00c7A NO PROJETO DE CONCESS\u00c3O DE \u00c1REA DO PORTO DE ITAJA\u00cd\/SC"},"content":{"rendered":"<p>Nesta quinta-feira, durante a 558\u00aa Reuni\u00e3o Ordin\u00e1ria de Diretoria, a Ag\u00eancia Nacional de Transportes Aquavi\u00e1rios (ANTAQ) aprovou a abertura de audi\u00eancia e consulta p\u00fablicas no \u00e2mbito do processo de concess\u00e3o de \u00e1rea localizada no Porto de Itaja\u00ed\/SC.<\/p>\n<p>As fases de participa\u00e7\u00e3o social antecedem a realiza\u00e7\u00e3o do certame e t\u00eam o prop\u00f3sito de coletar contribui\u00e7\u00f5es, subs\u00eddios e sugest\u00f5es para o aprimoramento dos documentos t\u00e9cnicos e jur\u00eddicos relacionados ao processo licitat\u00f3rio.<\/p>\n<p>O relator do processo, diretor Wilson Lima Filho, destacou os esfor\u00e7os da ANTAQ para o retorno das atividades do Porto. \u201cEstamos trabalhando para que esse processo ganhe agilidade principalmente para aqueles que precisam ver o crescimento e a retomada do Porto de Itaja\u00ed\/SC o mais breve poss\u00edvel\u201d.<\/p>\n<p>Lima Filho incorporou ao voto sugest\u00f5es do revisor do processo, diretor Alber Vasconcelos que, entre outros pontos, inclui no voto a rean\u00e1lise, durante o per\u00edodo da consulta p\u00fablica, da proposi\u00e7\u00e3o para aplica\u00e7\u00e3o do pre\u00e7o teto, sobretudo tratando-se de uma licita\u00e7\u00e3o conjunta da \u00e1rea de concess\u00e3o e do acesso aquavi\u00e1rio.<\/p>\n<p>De acordo com o relator, as novas an\u00e1lises ser\u00e3o feitas de forma tempestiva para que possam ser incorporadas \u00e0 minuta do edital e dar in\u00edcio \u00e0 participa\u00e7\u00e3o social no certame.<\/p>\n<p>&nbsp;<\/p>\n<p>Cr\u00e9ditos: ANTAQ<\/p>\n","protected":false},"excerpt":{"rendered":"<p>Nesta quinta-feira, durante a 558\u00aa Reuni\u00e3o Ordin\u00e1ria de Diretoria, a Ag\u00eancia Nacional de Transportes Aquavi\u00e1rios (ANTAQ) aprovou a abertura de audi\u00eancia e consulta p\u00fablicas no&#8230;<\/p>\n","protected":false},"author":1527,"featured_media":49728,"comment_status":"closed","ping_status":"closed","sticky":false,"template":"","format":"standard","meta":{"footnotes":""},"categories":[6],"tags":[],"class_list":["post-49727","post","type-post","status-publish","format-standard","has-post-thumbnail","hentry","category-noticias"],"_links":{"self":[{"href":"https:\/\/www.sincomam.org.br\/index.php\/wp-json\/wp\/v2\/posts\/49727","targetHints":{"allow":["GET"]}}],"collection":[{"href":"https:\/\/www.sincomam.org.br\/index.php\/wp-json\/wp\/v2\/posts"}],"about":[{"href":"https:\/\/www.sincomam.org.br\/index.php\/wp-json\/wp\/v2\/types\/post"}],"author":[{"embeddable":true,"href":"https:\/\/www.sincomam.org.br\/index.php\/wp-json\/wp\/v2\/users\/1527"}],"replies":[{"embeddable":true,"href":"https:\/\/www.sincomam.org.br\/index.php\/wp-json\/wp\/v2\/comments?post=49727"}],"version-history":[{"count":1,"href":"https:\/\/www.sincomam.org.br\/index.php\/wp-json\/wp\/v2\/posts\/49727\/revisions"}],"predecessor-version":[{"id":49729,"href":"https:\/\/www.sincomam.org.br\/index.php\/wp-json\/wp\/v2\/posts\/49727\/revisions\/49729"}],"wp:featuredmedia":[{"embeddable":true,"href":"https:\/\/www.sincomam.org.br\/index.php\/wp-json\/wp\/v2\/media\/49728"}],"wp:attachment":[{"href":"https:\/\/www.sincomam.org.br\/index.php\/wp-json\/wp\/v2\/media?parent=49727"}],"wp:term":[{"taxonomy":"category","embeddable":true,"href":"https:\/\/www.sincomam.org.br\/index.php\/wp-json\/wp\/v2\/categories?post=49727"},{"taxonomy":"post_tag","embeddable":true,"href":"https:\/\/www.sincomam.org.br\/index.php\/wp-json\/wp\/v2\/tags?post=49727"}],"curies":[{"name":"wp","href":"https:\/\/api.w.org\/{rel}","templated":true}]}}