{"id":49724,"date":"2024-02-02T10:21:40","date_gmt":"2024-02-02T13:21:40","guid":{"rendered":"http:\/\/www.sincomam.org.br\/?p=49724"},"modified":"2024-02-02T10:21:40","modified_gmt":"2024-02-02T13:21:40","slug":"ministro-quer-ampliar-o-fundo-da-marinha-mercante-para-navegacao-interior","status":"publish","type":"post","link":"https:\/\/www.sincomam.org.br\/index.php\/ministro-quer-ampliar-o-fundo-da-marinha-mercante-para-navegacao-interior\/","title":{"rendered":"Ministro quer ampliar o Fundo da Marinha Mercante para navega\u00e7\u00e3o interior"},"content":{"rendered":"<div class=\"entry-header\">\n<h2><\/h2>\n<\/div>\n<div class=\"article-info-area\">\n<div class=\"article-info-wrapper\"><\/div>\n<\/div>\n<div>\n<p>O ministro de Portos e Aeroportos, Silvio Costa Filho, recebeu, na quarta-feira (31), representantes e associados da Associa\u00e7\u00e3o Brasileira para o Desenvolvimento da Navega\u00e7\u00e3o Interior (Abani) para ouvir as demandas e explicar o que vem sendo feito e o que est\u00e1 nos planos do governo e do Minist\u00e9rio de Portos e Aeroportos para o setor. Costa Filho iniciou a reuni\u00e3o afirmando que a inten\u00e7\u00e3o do Minist\u00e9rio \u00e9 construir uma agenda estrat\u00e9gica para o setor portu\u00e1rio e hidrovi\u00e1rio brasileiro \u201ccom planejamento, in\u00edcio, meio e fim\u201d.<\/p>\n<p>De acordo com Costa Filho, o minist\u00e9rio vem trabalhando para criar um canal direto com todos os setores. \u201cEstamos ampliando o di\u00e1logo com a Casa Civil, dentro do governo, com outros minist\u00e9rios, com as ag\u00eancias e com o Tribunal de Contas da Uni\u00e3o (TCU), que \u00e9 um parceiro permanente do minist\u00e9rio. Para mim, \u00e9 muito bom ouvir voc\u00eas e cada vez mais aumentar esse canal direto, para podermos ajudar o Brasil nesse momento desafiador que estamos vivendo. Acho que as coisas est\u00e3o caminhando de forma positiva\u201d.<\/p>\n<p>Dentre as demandas trazidas pelos representantes do setor est\u00e3o a seguran\u00e7a nos rios para transporte de cargas e de passageiros e, para os ribeirinhos, melhorias no fundo de desenvolvimento e fomento para a \u00e1rea, al\u00e9m de renova\u00e7\u00e3o de barcos e das frotas.<\/p>\n<p>O presidente da Abani, Dod\u00f3 Carvalho, afirmou que o desenvolvimento do Brasil passa pela navega\u00e7\u00e3o interior. Conforme Carvalho, a reuni\u00e3o serviu para trazer as demandas do setor, mas, sobretudo, para colaborar com o governo. &#8220;N\u00f3s temos hoje a frota mais nova de balsa-tanque do mundo. Devemos ter algo em torno de 600 barca\u00e7as-tanque em toda a Amaz\u00f4nia, por conta do Fundo da Marinha Mercante, que \u00e9 para n\u00f3s benef\u00edcio, inje\u00e7\u00e3o na veia\u201d.<\/p>\n<p>O ministro disse que trabalha para uma maior democratiza\u00e7\u00e3o do Fundo da Marinha Mercante, para estimular ainda mais o investimento e o crescimento do setor. \u201cQueremos desburocratizar e trazer mais seguran\u00e7a jur\u00eddica e tentar criar mais garantias para o fundo\u201d.<\/p>\n<p><strong>IP4<\/strong><\/p>\n<p>O ministro tamb\u00e9m falou sobre a suplementa\u00e7\u00e3o no or\u00e7amento para a cria\u00e7\u00e3o de Instala\u00e7\u00f5es Portu\u00e1rias P\u00fablicas de Pequeno Porte (IP4). Essas instala\u00e7\u00f5es s\u00e3o localizadas fora do porto organizado e utilizadas para a movimenta\u00e7\u00e3o de passageiros ou mercadorias em embarca\u00e7\u00f5es de navega\u00e7\u00e3o interior. Elas ficam em munic\u00edpios que dependem exclusivamente do transporte hidrovi\u00e1rio e trazem seguran\u00e7a nas opera\u00e7\u00f5es de embarque e desembarque de passageiros e insumos. Atualmente no Brasil existem 55 IP4.<\/p>\n<p>\u201cQueremos apresentar um Plano Nacional de IP4 para a Amaz\u00f4nia Legal.Nossa expectativa \u00e9 fazer novas instala\u00e7\u00f5es e requalificar as j\u00e1 existentes. Para esses pr\u00f3ximos tr\u00eas anos, queremos fazer novos 20 IP4s por ano. Faz parte da nossa vis\u00e3o estrat\u00e9gica para dialogar com toda a malha hidrovi\u00e1ria da Amaz\u00f4nia Legal\u201d, explicou.<\/p>\n<p><strong>Crescimento econ\u00f4mico<\/strong><\/p>\n<p>Na audi\u00eancia, Silvio Costa Filho comemorou a volta do crescimento econ\u00f4mico do Brasil e a nova posi\u00e7\u00e3o do pa\u00eds, que passou da 11\u00aa para a 9\u00aa posi\u00e7\u00e3o no ranking das maiores economias do mundo.<\/p>\n<p>\u201cTamb\u00e9m terminamos o ano com um crescimento no setor portu\u00e1rio de mais de 6%, na avia\u00e7\u00e3o de mais 15%, saindo de 98 milh\u00f5es de passageiros nacionais e internacionais, para 112 milh\u00f5es, o crescimento dos \u00faltimos 5 anos. E esperamos, para os pr\u00f3ximos tr\u00eas anos, chegarmos a mais de 140 milh\u00f5es de passageiros.\u201d<\/p>\n<p>O ministro falou tamb\u00e9m sobre as importantes obras de infraestrutura que est\u00e3o sendo feitas, como a constru\u00e7\u00e3o do T\u00fanel imerso Santos-Guaruj\u00e1, pelo Programa de Acelera\u00e7\u00e3o de Crescimento, o Novo PAC. \u201cAl\u00e9m da import\u00e2ncia da obra, teremos a cria\u00e7\u00e3o de milhares de empregos\u201d.<\/p>\n<p>Fonte: Portos e Navios<\/p>\n<\/div>\n","protected":false},"excerpt":{"rendered":"<p>O ministro de Portos e Aeroportos, Silvio Costa Filho, recebeu, na quarta-feira (31), representantes e associados da Associa\u00e7\u00e3o Brasileira para o Desenvolvimento da Navega\u00e7\u00e3o Interior&#8230;<\/p>\n","protected":false},"author":1527,"featured_media":49725,"comment_status":"closed","ping_status":"closed","sticky":false,"template":"","format":"standard","meta":{"footnotes":""},"categories":[6],"tags":[],"class_list":["post-49724","post","type-post","status-publish","format-standard","has-post-thumbnail","hentry","category-noticias"],"_links":{"self":[{"href":"https:\/\/www.sincomam.org.br\/index.php\/wp-json\/wp\/v2\/posts\/49724","targetHints":{"allow":["GET"]}}],"collection":[{"href":"https:\/\/www.sincomam.org.br\/index.php\/wp-json\/wp\/v2\/posts"}],"about":[{"href":"https:\/\/www.sincomam.org.br\/index.php\/wp-json\/wp\/v2\/types\/post"}],"author":[{"embeddable":true,"href":"https:\/\/www.sincomam.org.br\/index.php\/wp-json\/wp\/v2\/users\/1527"}],"replies":[{"embeddable":true,"href":"https:\/\/www.sincomam.org.br\/index.php\/wp-json\/wp\/v2\/comments?post=49724"}],"version-history":[{"count":1,"href":"https:\/\/www.sincomam.org.br\/index.php\/wp-json\/wp\/v2\/posts\/49724\/revisions"}],"predecessor-version":[{"id":49726,"href":"https:\/\/www.sincomam.org.br\/index.php\/wp-json\/wp\/v2\/posts\/49724\/revisions\/49726"}],"wp:featuredmedia":[{"embeddable":true,"href":"https:\/\/www.sincomam.org.br\/index.php\/wp-json\/wp\/v2\/media\/49725"}],"wp:attachment":[{"href":"https:\/\/www.sincomam.org.br\/index.php\/wp-json\/wp\/v2\/media?parent=49724"}],"wp:term":[{"taxonomy":"category","embeddable":true,"href":"https:\/\/www.sincomam.org.br\/index.php\/wp-json\/wp\/v2\/categories?post=49724"},{"taxonomy":"post_tag","embeddable":true,"href":"https:\/\/www.sincomam.org.br\/index.php\/wp-json\/wp\/v2\/tags?post=49724"}],"curies":[{"name":"wp","href":"https:\/\/api.w.org\/{rel}","templated":true}]}}