{"id":4970,"date":"2014-04-16T08:30:02","date_gmt":"2014-04-16T11:30:02","guid":{"rendered":"http:\/\/www.sincomam.org.br\/?p=4970"},"modified":"2014-04-15T22:34:01","modified_gmt":"2014-04-16T01:34:01","slug":"setran-instala-novo-porto-para-a-travessia-do-rio-moju","status":"publish","type":"post","link":"https:\/\/www.sincomam.org.br\/index.php\/setran-instala-novo-porto-para-a-travessia-do-rio-moju\/","title":{"rendered":"Setran instala novo porto para a travessia do rio Moju"},"content":{"rendered":"<p><b><i>O novo porto vai receber ilumina\u00e7\u00e3o e deve come\u00e7ar a operar com uma balsa<\/i><\/b><\/p>\n<p>A Secretaria de Estado de Transportes (Setran) iniciou nesta segunda-feira (14) os servi\u00e7os para a adequa\u00e7\u00e3o do novo porto no munic\u00edpio de Moju, regi\u00e3o do Baixo Tocantins. O local vai ser mais uma op\u00e7\u00e3o de embarque e desembarque de passageiros e ve\u00edculos em geral, depois que uma balsa se chocou contra um dos pilares da ponte Moju Cidade, na Al\u00e7a Vi\u00e1ria.<\/p>\n<p>A empresa Cabano Engenharia, contratada para fazer a crava\u00e7\u00e3o dos dolfins \u2013 feixes de madeira usados na atraca\u00e7\u00e3o das balsas \u2013 j\u00e1 est\u00e1 no local com os bate-estacas. Segundo o respons\u00e1vel pela empresa, Dem\u00e9trio Silva, os servi\u00e7os devem ser conclu\u00eddos em doze dias. O novo porto vai receber ilumina\u00e7\u00e3o e deve come\u00e7ar a operar com uma balsa.<\/p>\n<p>O movimento de ve\u00edculos na travessia no rio Moju voltou a ser intenso depois que a quarta balsa, que j\u00e1 estava em opera\u00e7\u00e3o desde domingo (13), ficou danificada nesta segunda-feira (14), por volta das 9 horas, em uma das rampas de acesso, devido ao excesso de carga e ao n\u00edvel da mar\u00e9 estar muito baixo, no momento de um dos embarques.<\/p>\n<p>Segundo a Ag\u00eancia de Regula\u00e7\u00e3o e Controle de Servi\u00e7os P\u00fablicos do Estado (Arcon), o fluxo de ve\u00edculos diminuiu em 70%, nas horas em que a embarca\u00e7\u00e3o estava operando. \u201cN\u00e3o havia grande filas de carretas, pois a balsa fazia a travessia de cerca de oito carretas. O movimento estava tranquilo\u201d, diz a agente Fabiana Kolling.<\/p>\n<p>Dona de uma lanchonete que fica perto do local da travessia, Maria do Carmo Souza diz que, \u201ccom a balsa de duas rampas, a travessia \u00e9 mais r\u00e1pida e o tempo de espera diminui bastante\u201d. A Setran acionou o respons\u00e1vel pela embarca\u00e7\u00e3o para fazer o mais r\u00e1pido poss\u00edvel o reparo na balsa para que ela volte a operar.<\/p>\n<p>Fonte: Ag\u00eancia Par\u00e1 \/ Foto: Ulisses Parente\/ Secom Setran<\/p>\n","protected":false},"excerpt":{"rendered":"<p>O novo porto vai receber ilumina\u00e7\u00e3o e deve come\u00e7ar a operar com uma balsa A Secretaria de Estado de Transportes (Setran) iniciou nesta segunda-feira (14)&#8230;<\/p>\n","protected":false},"author":1182,"featured_media":4972,"comment_status":"closed","ping_status":"closed","sticky":false,"template":"","format":"standard","meta":{"footnotes":""},"categories":[6],"tags":[],"class_list":["post-4970","post","type-post","status-publish","format-standard","has-post-thumbnail","hentry","category-noticias"],"_links":{"self":[{"href":"https:\/\/www.sincomam.org.br\/index.php\/wp-json\/wp\/v2\/posts\/4970","targetHints":{"allow":["GET"]}}],"collection":[{"href":"https:\/\/www.sincomam.org.br\/index.php\/wp-json\/wp\/v2\/posts"}],"about":[{"href":"https:\/\/www.sincomam.org.br\/index.php\/wp-json\/wp\/v2\/types\/post"}],"author":[{"embeddable":true,"href":"https:\/\/www.sincomam.org.br\/index.php\/wp-json\/wp\/v2\/users\/1182"}],"replies":[{"embeddable":true,"href":"https:\/\/www.sincomam.org.br\/index.php\/wp-json\/wp\/v2\/comments?post=4970"}],"version-history":[{"count":1,"href":"https:\/\/www.sincomam.org.br\/index.php\/wp-json\/wp\/v2\/posts\/4970\/revisions"}],"predecessor-version":[{"id":4973,"href":"https:\/\/www.sincomam.org.br\/index.php\/wp-json\/wp\/v2\/posts\/4970\/revisions\/4973"}],"wp:featuredmedia":[{"embeddable":true,"href":"https:\/\/www.sincomam.org.br\/index.php\/wp-json\/wp\/v2\/media\/4972"}],"wp:attachment":[{"href":"https:\/\/www.sincomam.org.br\/index.php\/wp-json\/wp\/v2\/media?parent=4970"}],"wp:term":[{"taxonomy":"category","embeddable":true,"href":"https:\/\/www.sincomam.org.br\/index.php\/wp-json\/wp\/v2\/categories?post=4970"},{"taxonomy":"post_tag","embeddable":true,"href":"https:\/\/www.sincomam.org.br\/index.php\/wp-json\/wp\/v2\/tags?post=4970"}],"curies":[{"name":"wp","href":"https:\/\/api.w.org\/{rel}","templated":true}]}}