{"id":49692,"date":"2024-02-01T10:47:37","date_gmt":"2024-02-01T13:47:37","guid":{"rendered":"http:\/\/www.sincomam.org.br\/?p=49692"},"modified":"2024-02-01T10:47:37","modified_gmt":"2024-02-01T13:47:37","slug":"stf-retoma-hoje-julgamento-sobre-revisao-da-vida-toda-do-inss","status":"publish","type":"post","link":"https:\/\/www.sincomam.org.br\/index.php\/stf-retoma-hoje-julgamento-sobre-revisao-da-vida-toda-do-inss\/","title":{"rendered":"STF retoma hoje julgamento sobre revis\u00e3o da vida toda do INSS"},"content":{"rendered":"<p>O Supremo Tribunal Federal (STF) retoma nesta quinta-feira (1\u00b0) o julgamento sobre a revis\u00e3o da vida toda de aposentadorias do Instituto Nacional do Seguro Social (INSS). A sess\u00e3o est\u00e1 prevista para come\u00e7ar \u00e0s 14h.<img decoding=\"async\" src=\"https:\/\/agenciabrasil.ebc.com.br\/ebc.png?id=1578909&amp;o=node\" \/><img decoding=\"async\" src=\"https:\/\/agenciabrasil.ebc.com.br\/ebc.gif?id=1578909&amp;o=node\" \/><\/p>\n<p>Os ministros v\u00e3o decidir se haver\u00e1 altera\u00e7\u00f5es na decis\u00e3o da pr\u00f3pria Corte, que, em 2022, reconheceu a revis\u00e3o da vida toda e permitiu que aposentados que entraram na Justi\u00e7a possam pedir o rec\u00e1lculo do benef\u00edcio com base em todas as contribui\u00e7\u00f5es feitas ao longo da vida.<\/p>\n<p>Apesar da decis\u00e3o, a revis\u00e3o ainda n\u00e3o \u00e9 aplicada devido a um recurso do INSS. O \u00f3rg\u00e3o entrou o recurso para restringir os efeitos da validade da revis\u00e3o.<\/p>\n<p>O INSS quer excluir a aplica\u00e7\u00e3o da revis\u00e3o a benef\u00edcios previdenci\u00e1rios j\u00e1 extintos, decis\u00f5es judiciais que negaram direito \u00e0 revis\u00e3o conforme a jurisprud\u00eancia da \u00e9poca e proibi\u00e7\u00e3o de pagamento de diferen\u00e7as antes de 13 de abril de 2023, data na qual o ac\u00f3rd\u00e3o do julgamento do STF foi publicado.<\/p>\n<h2>Placar<\/h2>\n<p>O \u00faltimo andamento do processo ocorreu no dia 1\u00b0 de dezembro do ano passado, quando o ministro Alexandre de Moraes interrompeu o julgamento do recurso no plen\u00e1rio virtual da Corte. Com a decis\u00e3o, o julgamento foi suspenso e ter\u00e1 continuidade na modalidade presencial nesta quinta-feira.<\/p>\n<p>At\u00e9 o momento, os ministros Fachin, Rosa Weber (votou antes da aposentadoria) e C\u00e1rmen L\u00facia votaram para estabelecer como marco para o rec\u00e1lculo o dia 17 de dezembro de 2019, data na qual o Superior Tribunal de Justi\u00e7a (STJ) reconheceu o mesmo direito de revis\u00e3o a um segurado do INSS.<\/p>\n<p>Os ministros Cristiano Zanin, Dias Toffoli e Lu\u00eds Roberto Barroso votaram pela anula\u00e7\u00e3o da decis\u00e3o do STJ.<\/p>\n<h2>Entenda<\/h2>\n<p>O processo julgado pelo STF trata de um recurso do INSS contra decis\u00e3o do STJ que garantiu a um segurado do Regime Geral de Previd\u00eancia Social (RGPS) a possibilidade de revis\u00e3o do benef\u00edcio com base nas contribui\u00e7\u00f5es sobre o per\u00edodo anterior ao ano de 1994.<\/p>\n<p>Durante a tramita\u00e7\u00e3o do processo, associa\u00e7\u00f5es que defendem os aposentados pediram que as contribui\u00e7\u00f5es previdenci\u00e1rias realizadas antes de julho de 1994 sejam consideradas no c\u00e1lculo dos benef\u00edcios. Essas contribui\u00e7\u00f5es pararam de ser consideradas em decorr\u00eancia da reforma da previd\u00eancia de 1999, cujas regras de transi\u00e7\u00e3o exclu\u00edam da conta os pagamentos antes do Plano Real.<\/p>\n<p>Segundo as entidades, segurados do INSS tiveram redu\u00e7\u00e3o do benef\u00edcio em fun\u00e7\u00e3o da desconsidera\u00e7\u00e3o dessas contribui\u00e7\u00f5es.<\/p>\n<p>&nbsp;<\/p>\n<p>Fonte: Ag\u00eancia Brasil<\/p>\n","protected":false},"excerpt":{"rendered":"<p>O Supremo Tribunal Federal (STF) retoma nesta quinta-feira (1\u00b0) o julgamento sobre a revis\u00e3o da vida toda de aposentadorias do Instituto Nacional do Seguro Social&#8230;<\/p>\n","protected":false},"author":1527,"featured_media":49693,"comment_status":"closed","ping_status":"closed","sticky":false,"template":"","format":"standard","meta":{"footnotes":""},"categories":[6],"tags":[],"class_list":["post-49692","post","type-post","status-publish","format-standard","has-post-thumbnail","hentry","category-noticias"],"_links":{"self":[{"href":"https:\/\/www.sincomam.org.br\/index.php\/wp-json\/wp\/v2\/posts\/49692","targetHints":{"allow":["GET"]}}],"collection":[{"href":"https:\/\/www.sincomam.org.br\/index.php\/wp-json\/wp\/v2\/posts"}],"about":[{"href":"https:\/\/www.sincomam.org.br\/index.php\/wp-json\/wp\/v2\/types\/post"}],"author":[{"embeddable":true,"href":"https:\/\/www.sincomam.org.br\/index.php\/wp-json\/wp\/v2\/users\/1527"}],"replies":[{"embeddable":true,"href":"https:\/\/www.sincomam.org.br\/index.php\/wp-json\/wp\/v2\/comments?post=49692"}],"version-history":[{"count":1,"href":"https:\/\/www.sincomam.org.br\/index.php\/wp-json\/wp\/v2\/posts\/49692\/revisions"}],"predecessor-version":[{"id":49694,"href":"https:\/\/www.sincomam.org.br\/index.php\/wp-json\/wp\/v2\/posts\/49692\/revisions\/49694"}],"wp:featuredmedia":[{"embeddable":true,"href":"https:\/\/www.sincomam.org.br\/index.php\/wp-json\/wp\/v2\/media\/49693"}],"wp:attachment":[{"href":"https:\/\/www.sincomam.org.br\/index.php\/wp-json\/wp\/v2\/media?parent=49692"}],"wp:term":[{"taxonomy":"category","embeddable":true,"href":"https:\/\/www.sincomam.org.br\/index.php\/wp-json\/wp\/v2\/categories?post=49692"},{"taxonomy":"post_tag","embeddable":true,"href":"https:\/\/www.sincomam.org.br\/index.php\/wp-json\/wp\/v2\/tags?post=49692"}],"curies":[{"name":"wp","href":"https:\/\/api.w.org\/{rel}","templated":true}]}}