{"id":49690,"date":"2024-02-01T10:37:36","date_gmt":"2024-02-01T13:37:36","guid":{"rendered":"http:\/\/www.sincomam.org.br\/?p=49690"},"modified":"2024-02-01T10:37:36","modified_gmt":"2024-02-01T13:37:36","slug":"saude-anuncia-centro-de-emergencia-para-conter-epidemia-de-dengue","status":"publish","type":"post","link":"https:\/\/www.sincomam.org.br\/index.php\/saude-anuncia-centro-de-emergencia-para-conter-epidemia-de-dengue\/","title":{"rendered":"Sa\u00fade anuncia centro de emerg\u00eancia para conter epidemia de dengue"},"content":{"rendered":"<p>A ministra da Sa\u00fade, N\u00edsia Trindade, anunciou nesta quinta-feira (1) o lan\u00e7amento de um\u00a0Centro de Opera\u00e7\u00f5es de Emerg\u00eancia para\u00a0controle da epidemia de dengue no Brasil. Durante reuni\u00e3o tripartite na sede da Organiza\u00e7\u00e3o Pan-americana da Sa\u00fade (Opas), e Bras\u00edlia, N\u00edsia fez um chamamento pedindo mobiliza\u00e7\u00e3o nacional por parte de estados e munic\u00edpios.\u00a0<img decoding=\"async\" src=\"https:\/\/agenciabrasil.ebc.com.br\/ebc.png?id=1578937&amp;o=node\" \/><img decoding=\"async\" src=\"https:\/\/agenciabrasil.ebc.com.br\/ebc.gif?id=1578937&amp;o=node\" \/><\/p>\n<p>\u201cQuero fazer aqui um chamamento p\u00fablico para a uni\u00e3o de todo o pa\u00eds neste momento. para proteger nossa popula\u00e7\u00e3o e para prevenir, uma vez que sabemos que a maior parte dos focos [do Aedes aegypti], mais de 75%, se encontra nas casas\u201d, disse. \u201cApenas com essa uni\u00e3o podemos avan\u00e7ar no sentido de estarmos protegendo nossa popula\u00e7\u00e3o desse quadro de dengue e, possivelmente, de outras arboviroses.\u201d<\/p>\n<p>Na abertura da reuni\u00e3o, a ministra voltou a dizer que a vacina\u00e7\u00e3o contra a dengue n\u00e3o pode ser vista como solu\u00e7\u00e3o para a epidemia por conta da limita\u00e7\u00e3o de doses da Qdenga cedidas pelo laborat\u00f3rio fabricante. Outro ponto cr\u00edtico da imuniza\u00e7\u00e3o destacado por N\u00edsia \u00e9 a n\u00e3o-indica\u00e7\u00e3o do imunizante para idosos, grupo mais acometido por formas graves da dengue.<\/p>\n<p>\u201cA vacina \u00e9 esperan\u00e7a, \u00e9 instrumento fundamental, mas n\u00e3o \u00e9 resposta para um momento de crise\u201d, disse. \u201c\u00c9 hora de prevenir e cuidar. A dengue \u00e9 uma doen\u00e7a para a qual o Sistema \u00danico de Sa\u00fade (SUS) pode operar de forma eficiente, evitando mortes. Isso tem que ser uma t\u00f4nica nossa neste momento\u201d, concluiu.<\/p>\n<p>Fonte: Agencia Brasil<\/p>\n","protected":false},"excerpt":{"rendered":"<p>A ministra da Sa\u00fade, N\u00edsia Trindade, anunciou nesta quinta-feira (1) o lan\u00e7amento de um\u00a0Centro de Opera\u00e7\u00f5es de Emerg\u00eancia para\u00a0controle da epidemia de dengue no Brasil&#8230;.<\/p>\n","protected":false},"author":1527,"featured_media":17956,"comment_status":"closed","ping_status":"closed","sticky":false,"template":"","format":"standard","meta":{"footnotes":""},"categories":[6],"tags":[],"class_list":["post-49690","post","type-post","status-publish","format-standard","has-post-thumbnail","hentry","category-noticias"],"_links":{"self":[{"href":"https:\/\/www.sincomam.org.br\/index.php\/wp-json\/wp\/v2\/posts\/49690","targetHints":{"allow":["GET"]}}],"collection":[{"href":"https:\/\/www.sincomam.org.br\/index.php\/wp-json\/wp\/v2\/posts"}],"about":[{"href":"https:\/\/www.sincomam.org.br\/index.php\/wp-json\/wp\/v2\/types\/post"}],"author":[{"embeddable":true,"href":"https:\/\/www.sincomam.org.br\/index.php\/wp-json\/wp\/v2\/users\/1527"}],"replies":[{"embeddable":true,"href":"https:\/\/www.sincomam.org.br\/index.php\/wp-json\/wp\/v2\/comments?post=49690"}],"version-history":[{"count":1,"href":"https:\/\/www.sincomam.org.br\/index.php\/wp-json\/wp\/v2\/posts\/49690\/revisions"}],"predecessor-version":[{"id":49691,"href":"https:\/\/www.sincomam.org.br\/index.php\/wp-json\/wp\/v2\/posts\/49690\/revisions\/49691"}],"wp:featuredmedia":[{"embeddable":true,"href":"https:\/\/www.sincomam.org.br\/index.php\/wp-json\/wp\/v2\/media\/17956"}],"wp:attachment":[{"href":"https:\/\/www.sincomam.org.br\/index.php\/wp-json\/wp\/v2\/media?parent=49690"}],"wp:term":[{"taxonomy":"category","embeddable":true,"href":"https:\/\/www.sincomam.org.br\/index.php\/wp-json\/wp\/v2\/categories?post=49690"},{"taxonomy":"post_tag","embeddable":true,"href":"https:\/\/www.sincomam.org.br\/index.php\/wp-json\/wp\/v2\/tags?post=49690"}],"curies":[{"name":"wp","href":"https:\/\/api.w.org\/{rel}","templated":true}]}}