{"id":49684,"date":"2024-02-01T10:29:29","date_gmt":"2024-02-01T13:29:29","guid":{"rendered":"http:\/\/www.sincomam.org.br\/?p=49684"},"modified":"2024-02-01T10:29:29","modified_gmt":"2024-02-01T13:29:29","slug":"farol-de-maceio-um-farol-de-historia-e-inovacao-no-horizonte-de-alagoas","status":"publish","type":"post","link":"https:\/\/www.sincomam.org.br\/index.php\/farol-de-maceio-um-farol-de-historia-e-inovacao-no-horizonte-de-alagoas\/","title":{"rendered":"Farol de Macei\u00f3: Um Farol de Hist\u00f3ria e Inova\u00e7\u00e3o no Horizonte de Alagoas"},"content":{"rendered":"<p>O Farol de Macei\u00f3 \u00e9 uma testemunha silenciosa da hist\u00f3ria mar\u00edtima e urbana da cidade, cuja origem remonta ao s\u00e9culo XIX. Idealizado inicialmente para o Porto de Jaragu\u00e1, o farol foi um marco para a economia agroexportadora alagoana, iluminando n\u00e3o apenas as \u00e1guas, mas tamb\u00e9m o caminho para o progresso e desenvolvimento. A saga do farol come\u00e7a com a aprova\u00e7\u00e3o do projeto em 1830 e atravessa d\u00e9cadas at\u00e9 a sua inaugura\u00e7\u00e3o em 1856, refletindo uma hist\u00f3ria de determina\u00e7\u00e3o e resili\u00eancia.<\/p>\n<p><strong>Tecnologia e Resili\u00eancia: O Legado do Farol<\/strong><\/p>\n<p>Desde a sua inaugura\u00e7\u00e3o, o Farol de Macei\u00f3 foi sin\u00f4nimo de inova\u00e7\u00e3o. A aquisi\u00e7\u00e3o de um aparelho luminoso franc\u00eas Henry-Lepaute em 1853, com capacidade para iluminar at\u00e9 20 milhas n\u00e1uticas, posicionou o farol como um referencial de tecnologia na regi\u00e3o. A sua eletrifica\u00e7\u00e3o em 1937, um pioneirismo no Brasil, reafirmou o compromisso da cidade com a moderniza\u00e7\u00e3o e a seguran\u00e7a mar\u00edtima.<\/p>\n<p><strong>Desafios e Renova\u00e7\u00e3o: A Evolu\u00e7\u00e3o do Farol<\/strong><\/p>\n<p>O Farol de Macei\u00f3 n\u00e3o \u00e9 apenas uma estrutura f\u00edsica; \u00e9 uma narrativa de supera\u00e7\u00e3o. O desmoronamento parcial do morro da Jacutinga em 1949 poderia ter sido o fim, mas transformou-se em um novo come\u00e7o. Com a decis\u00e3o de construir um novo farol, mantendo a lanterna e o aparelho luminoso originais, a cidade preservou sua heran\u00e7a hist\u00f3rica ao mesmo tempo em que se voltava para o futuro.<\/p>\n<p><strong>Um Farol de Cultura e Preserva\u00e7\u00e3o<\/strong><\/p>\n<p>O atual Farol de Macei\u00f3, com sua imponente torre tronc\u00f4nica de concreto armado adornada com losangos pretos e brancos, n\u00e3o \u00e9 apenas um farol para navios, mas tamb\u00e9m um farol de cultura e hist\u00f3ria. Sua designa\u00e7\u00e3o em 2005 como Unidade Especial de Preserva\u00e7\u00e3o Cultural pela SEMPLA \u00e9 um reconhecimento de seu valor inestim\u00e1vel para a cidade de Macei\u00f3 e para o patrim\u00f4nio cultural do Brasil.<\/p>\n<p><strong>Dados T\u00e9cnicos: Uma Luz na Hist\u00f3ria<\/strong><\/p>\n<p>Os detalhes t\u00e9cnicos do Farol de Macei\u00f3, desde a sua posi\u00e7\u00e3o geogr\u00e1fica at\u00e9 a sua arquitetura distintiva e capacidade luminosa, s\u00e3o um testemunho da engenhosidade e do comprometimento hist\u00f3rico da cidade com a seguran\u00e7a e a orienta\u00e7\u00e3o mar\u00edtima. Cada lampejo de sua luz \u00e9 um eco dos s\u00e9culos de hist\u00f3ria, um sinal de boas-vindas para aqueles que chegam pelo mar e um s\u00edmbolo luminoso da identidade de Macei\u00f3.<\/p>\n<p>&nbsp;<\/p>\n<p>Fonte: Defesa em Foco<\/p>\n","protected":false},"excerpt":{"rendered":"<p>O Farol de Macei\u00f3 \u00e9 uma testemunha silenciosa da hist\u00f3ria mar\u00edtima e urbana da cidade, cuja origem remonta ao s\u00e9culo XIX. Idealizado inicialmente para o&#8230;<\/p>\n","protected":false},"author":1527,"featured_media":49685,"comment_status":"closed","ping_status":"closed","sticky":false,"template":"","format":"standard","meta":{"footnotes":""},"categories":[6],"tags":[],"class_list":["post-49684","post","type-post","status-publish","format-standard","has-post-thumbnail","hentry","category-noticias"],"_links":{"self":[{"href":"https:\/\/www.sincomam.org.br\/index.php\/wp-json\/wp\/v2\/posts\/49684","targetHints":{"allow":["GET"]}}],"collection":[{"href":"https:\/\/www.sincomam.org.br\/index.php\/wp-json\/wp\/v2\/posts"}],"about":[{"href":"https:\/\/www.sincomam.org.br\/index.php\/wp-json\/wp\/v2\/types\/post"}],"author":[{"embeddable":true,"href":"https:\/\/www.sincomam.org.br\/index.php\/wp-json\/wp\/v2\/users\/1527"}],"replies":[{"embeddable":true,"href":"https:\/\/www.sincomam.org.br\/index.php\/wp-json\/wp\/v2\/comments?post=49684"}],"version-history":[{"count":1,"href":"https:\/\/www.sincomam.org.br\/index.php\/wp-json\/wp\/v2\/posts\/49684\/revisions"}],"predecessor-version":[{"id":49686,"href":"https:\/\/www.sincomam.org.br\/index.php\/wp-json\/wp\/v2\/posts\/49684\/revisions\/49686"}],"wp:featuredmedia":[{"embeddable":true,"href":"https:\/\/www.sincomam.org.br\/index.php\/wp-json\/wp\/v2\/media\/49685"}],"wp:attachment":[{"href":"https:\/\/www.sincomam.org.br\/index.php\/wp-json\/wp\/v2\/media?parent=49684"}],"wp:term":[{"taxonomy":"category","embeddable":true,"href":"https:\/\/www.sincomam.org.br\/index.php\/wp-json\/wp\/v2\/categories?post=49684"},{"taxonomy":"post_tag","embeddable":true,"href":"https:\/\/www.sincomam.org.br\/index.php\/wp-json\/wp\/v2\/tags?post=49684"}],"curies":[{"name":"wp","href":"https:\/\/api.w.org\/{rel}","templated":true}]}}