{"id":49662,"date":"2024-01-31T08:46:35","date_gmt":"2024-01-31T11:46:35","guid":{"rendered":"http:\/\/www.sincomam.org.br\/?p=49662"},"modified":"2024-01-31T08:46:35","modified_gmt":"2024-01-31T11:46:35","slug":"farol-da-ponta-verde-um-marco-de-navegacao-e-historia-na-orla-de-maceio","status":"publish","type":"post","link":"https:\/\/www.sincomam.org.br\/index.php\/farol-da-ponta-verde-um-marco-de-navegacao-e-historia-na-orla-de-maceio\/","title":{"rendered":"Farol da Ponta Verde: Um Marco de Navega\u00e7\u00e3o e Hist\u00f3ria na Orla de Macei\u00f3"},"content":{"rendered":"<p>Inaugurado em 1922, o Farol da Ponta Verde \u00e9 mais do que um instrumento n\u00e1utico; \u00e9 um monumento que narra a evolu\u00e7\u00e3o da tecnologia e da infraestrutura mar\u00edtima em Macei\u00f3. Sua constru\u00e7\u00e3o robusta, uma estrutura cil\u00edndrica de alvenaria com faixas horizontais encarnadas e brancas sobre pilares tronco piramidais de concreto armado, n\u00e3o s\u00f3 demonstra a habilidade arquitet\u00f4nica da \u00e9poca, mas tamb\u00e9m a import\u00e2ncia da navega\u00e7\u00e3o segura nas \u00e1guas alagoanas.<\/p>\n<p>A hist\u00f3ria do Farol da Ponta Verde \u00e9 marcada por significativas atualiza\u00e7\u00f5es tecnol\u00f3gicas. Originalmente operando com g\u00e1s acetileno, o farol passou por um processo de moderniza\u00e7\u00e3o em 1986, quando foi eletrificado. Essa transi\u00e7\u00e3o n\u00e3o apenas aumentou a efici\u00eancia da estrutura, mas tamb\u00e9m refor\u00e7ou o compromisso da cidade com a seguran\u00e7a n\u00e1utica e a preserva\u00e7\u00e3o de seu patrim\u00f4nio hist\u00f3rico.<\/p>\n<p><strong>Dados T\u00e9cnicos: Iluminando o Caminho<\/strong><\/p>\n<p>O Farol da Ponta Verde \u00e9 mais que um ponto de refer\u00eancia; \u00e9 um feixe de tecnologia e precis\u00e3o. Com uma lanterna de Sinaliza\u00e7\u00e3o N\u00e1utica FA-250mm e um eclipsor-trocador, ele transmite uma caracter\u00edstica luminosa \u00fanica, com lampejos brancos seguidos por per\u00edodos de eclipse, garantindo que os navegantes possam identific\u00e1-lo e orientar-se de maneira confi\u00e1vel. Alimentado por duas baterias estacion\u00e1rias, o farol possui um alcance luminoso de 13 milhas n\u00e1uticas e uma intensidade de 3.689 candelas, assegurando sua presen\u00e7a marcante no horizonte mar\u00edtimo de Macei\u00f3.<\/p>\n<p><strong>Um \u00cdcone da Orla de Macei\u00f3<\/strong><\/p>\n<p>Situado na pitoresca praia de Ponta Verde, o Farol n\u00e3o \u00e9 apenas um instrumento t\u00e9cnico para navega\u00e7\u00e3o; ele \u00e9 um s\u00edmbolo da cidade, uma estrutura que se destaca na paisagem e convida tanto moradores quanto visitantes a contemplar sua hist\u00f3ria e sua beleza. Seja guiando os marinheiros em suas jornadas ou iluminando as noites na orla, o Farol da Ponta Verde permanece como um testemunho da rica hist\u00f3ria mar\u00edtima de Macei\u00f3 e um \u00edcone de sua identidade cultural e arquitet\u00f4nica.<\/p>\n<p>Fonte: Defesa em Foco<\/p>\n","protected":false},"excerpt":{"rendered":"<p>Inaugurado em 1922, o Farol da Ponta Verde \u00e9 mais do que um instrumento n\u00e1utico; \u00e9 um monumento que narra a evolu\u00e7\u00e3o da tecnologia e&#8230;<\/p>\n","protected":false},"author":1527,"featured_media":49663,"comment_status":"closed","ping_status":"closed","sticky":false,"template":"","format":"standard","meta":{"footnotes":""},"categories":[6],"tags":[],"class_list":["post-49662","post","type-post","status-publish","format-standard","has-post-thumbnail","hentry","category-noticias"],"_links":{"self":[{"href":"https:\/\/www.sincomam.org.br\/index.php\/wp-json\/wp\/v2\/posts\/49662","targetHints":{"allow":["GET"]}}],"collection":[{"href":"https:\/\/www.sincomam.org.br\/index.php\/wp-json\/wp\/v2\/posts"}],"about":[{"href":"https:\/\/www.sincomam.org.br\/index.php\/wp-json\/wp\/v2\/types\/post"}],"author":[{"embeddable":true,"href":"https:\/\/www.sincomam.org.br\/index.php\/wp-json\/wp\/v2\/users\/1527"}],"replies":[{"embeddable":true,"href":"https:\/\/www.sincomam.org.br\/index.php\/wp-json\/wp\/v2\/comments?post=49662"}],"version-history":[{"count":1,"href":"https:\/\/www.sincomam.org.br\/index.php\/wp-json\/wp\/v2\/posts\/49662\/revisions"}],"predecessor-version":[{"id":49664,"href":"https:\/\/www.sincomam.org.br\/index.php\/wp-json\/wp\/v2\/posts\/49662\/revisions\/49664"}],"wp:featuredmedia":[{"embeddable":true,"href":"https:\/\/www.sincomam.org.br\/index.php\/wp-json\/wp\/v2\/media\/49663"}],"wp:attachment":[{"href":"https:\/\/www.sincomam.org.br\/index.php\/wp-json\/wp\/v2\/media?parent=49662"}],"wp:term":[{"taxonomy":"category","embeddable":true,"href":"https:\/\/www.sincomam.org.br\/index.php\/wp-json\/wp\/v2\/categories?post=49662"},{"taxonomy":"post_tag","embeddable":true,"href":"https:\/\/www.sincomam.org.br\/index.php\/wp-json\/wp\/v2\/tags?post=49662"}],"curies":[{"name":"wp","href":"https:\/\/api.w.org\/{rel}","templated":true}]}}