{"id":49622,"date":"2024-01-29T10:33:15","date_gmt":"2024-01-29T13:33:15","guid":{"rendered":"http:\/\/www.sincomam.org.br\/?p=49622"},"modified":"2024-01-29T10:33:34","modified_gmt":"2024-01-29T13:33:34","slug":"maior-navio-de-cruzeiro-do-mundo-faz-primeira-viagem-neste-sabado","status":"publish","type":"post","link":"https:\/\/www.sincomam.org.br\/index.php\/maior-navio-de-cruzeiro-do-mundo-faz-primeira-viagem-neste-sabado\/","title":{"rendered":"Maior navio de cruzeiro do mundo fez primeira viagem neste s\u00e1bado"},"content":{"rendered":"<p>O maior navio de cruzeiro do mundo faz sua viagem inaugural neste s\u00e1bado (27). Grupos ambientalistas demonstraram preocupa\u00e7\u00e3o de que a embarca\u00e7\u00e3o, movida a g\u00e1s natural liquefeito, vaze metano, que \u00e9 prejudicial para a atmosfera.<img decoding=\"async\" src=\"https:\/\/agenciabrasil.ebc.com.br\/ebc.png?id=1578173&amp;o=node\" \/><img decoding=\"async\" src=\"https:\/\/agenciabrasil.ebc.com.br\/ebc.gif?id=1578173&amp;o=node\" \/><\/p>\n<p>O Icon of the Seas, da Royal Caribbean International, zarpa de Miami com capacidade para 8 mil passageiros, em 20\u00a0<em>decks<\/em>, aproveitando a crescente popularidade dos cruzeiros.<\/p>\n<p>O navio foi constru\u00eddo para funcionar com g\u00e1s natural liquefeito (GNL), que queima de forma mais limpa do que o combust\u00edvel mar\u00edtimo tradicional, mas apresenta maiores riscos para as emiss\u00f5es de metano.<\/p>\n<p>Grupos ambientalistas dizem que o vazamento de metano dos motores do navio \u00e9 um risco inaceit\u00e1vel para o clima devido aos seus efeitos nocivos a curto prazo.<\/p>\n<p>\u201c\u00c9 um passo na dire\u00e7\u00e3o errada\u201d, disse Bryan Comer, diretor do Conselho Internacional de Transporte Limpo (ICCT), um grupo de reflex\u00e3o sobre pol\u00edtica ambiental.<\/p>\n<p>\u201cEstimamos que a utiliza\u00e7\u00e3o de GNL como combust\u00edvel mar\u00edtimo emite 120% mais gases de efeito estufa ao longo do ciclo de vida do que o diesel mar\u00edtimo\u201d.<\/p>\n<p>Em termos de efeitos de aquecimento, o metano \u00e9 80 vezes pior em 20 anos do que o di\u00f3xido de carbono, tornando a redu\u00e7\u00e3o dessas emiss\u00f5es fundamental para conter o aquecimento da temperatura global.<\/p>\n<p>Fonte: Ag\u00eancia Brasil<\/p>\n","protected":false},"excerpt":{"rendered":"<p>O maior navio de cruzeiro do mundo faz sua viagem inaugural neste s\u00e1bado (27). Grupos ambientalistas demonstraram preocupa\u00e7\u00e3o de que a embarca\u00e7\u00e3o, movida a g\u00e1s&#8230;<\/p>\n","protected":false},"author":1527,"featured_media":49623,"comment_status":"closed","ping_status":"closed","sticky":false,"template":"","format":"standard","meta":{"footnotes":""},"categories":[6],"tags":[],"class_list":["post-49622","post","type-post","status-publish","format-standard","has-post-thumbnail","hentry","category-noticias"],"_links":{"self":[{"href":"https:\/\/www.sincomam.org.br\/index.php\/wp-json\/wp\/v2\/posts\/49622","targetHints":{"allow":["GET"]}}],"collection":[{"href":"https:\/\/www.sincomam.org.br\/index.php\/wp-json\/wp\/v2\/posts"}],"about":[{"href":"https:\/\/www.sincomam.org.br\/index.php\/wp-json\/wp\/v2\/types\/post"}],"author":[{"embeddable":true,"href":"https:\/\/www.sincomam.org.br\/index.php\/wp-json\/wp\/v2\/users\/1527"}],"replies":[{"embeddable":true,"href":"https:\/\/www.sincomam.org.br\/index.php\/wp-json\/wp\/v2\/comments?post=49622"}],"version-history":[{"count":2,"href":"https:\/\/www.sincomam.org.br\/index.php\/wp-json\/wp\/v2\/posts\/49622\/revisions"}],"predecessor-version":[{"id":49625,"href":"https:\/\/www.sincomam.org.br\/index.php\/wp-json\/wp\/v2\/posts\/49622\/revisions\/49625"}],"wp:featuredmedia":[{"embeddable":true,"href":"https:\/\/www.sincomam.org.br\/index.php\/wp-json\/wp\/v2\/media\/49623"}],"wp:attachment":[{"href":"https:\/\/www.sincomam.org.br\/index.php\/wp-json\/wp\/v2\/media?parent=49622"}],"wp:term":[{"taxonomy":"category","embeddable":true,"href":"https:\/\/www.sincomam.org.br\/index.php\/wp-json\/wp\/v2\/categories?post=49622"},{"taxonomy":"post_tag","embeddable":true,"href":"https:\/\/www.sincomam.org.br\/index.php\/wp-json\/wp\/v2\/tags?post=49622"}],"curies":[{"name":"wp","href":"https:\/\/api.w.org\/{rel}","templated":true}]}}