{"id":49610,"date":"2024-01-29T10:25:11","date_gmt":"2024-01-29T13:25:11","guid":{"rendered":"http:\/\/www.sincomam.org.br\/?p=49610"},"modified":"2024-01-29T10:25:11","modified_gmt":"2024-01-29T13:25:11","slug":"marinha-e-industria-em-sintonia-o-impacto-estrategico-da-mobilizacao-nacional-para-a-seguranca-do-brasil","status":"publish","type":"post","link":"https:\/\/www.sincomam.org.br\/index.php\/marinha-e-industria-em-sintonia-o-impacto-estrategico-da-mobilizacao-nacional-para-a-seguranca-do-brasil\/","title":{"rendered":"Marinha e Ind\u00fastria em Sintonia: O Impacto Estrat\u00e9gico da Mobiliza\u00e7\u00e3o Nacional para a Seguran\u00e7a do Brasil"},"content":{"rendered":"<p>A cidade de Porto Alegre foi palco de um importante evento que refor\u00e7a a conex\u00e3o entre as for\u00e7as armadas e o setor industrial, essencial para a soberania e desenvolvimento do pa\u00eds. No dia 18 de janeiro, a Funda\u00e7\u00e3o das Ind\u00fastrias do Estado do Rio Grande do Sul (FIERGS) sediou a palestra \u201cMobiliza\u00e7\u00e3o Nacional e a Ind\u00fastria \u2013 Uma quest\u00e3o de Seguran\u00e7a Nacional\u201d, que contou com a participa\u00e7\u00e3o de figuras de destaque da Marinha do Brasil e representantes do setor industrial ga\u00facho. O evento n\u00e3o apenas destacou a import\u00e2ncia da integra\u00e7\u00e3o entre os setores militar e industrial, mas tamb\u00e9m abriu espa\u00e7o para um di\u00e1logo produtivo sobre os caminhos futuros dessa parceria estrat\u00e9gica.<\/p>\n<p><strong>Presen\u00e7as Ilustres e Tem\u00e1tica Central<\/strong><\/p>\n<p>O encontro foi prestigiado pela presen\u00e7a do Comandante do 5\u00ba Distrito Naval, Vice-Almirante Augusto Jos\u00e9 da Silva Fonseca Junior, e do Capit\u00e3o dos Portos de Porto Alegre, Capit\u00e3o de Mar e Guerra Rodrigo da Silva Tavares. A palestra, conduzida pelo Coordenador da Subchefia de Mobiliza\u00e7\u00e3o do Minist\u00e9rio da Defesa, Capit\u00e3o de Fragata Ricardo Ferreira Barbosa, teve como foco a Mobiliza\u00e7\u00e3o Nacional adotada pelo Minist\u00e9rio da Defesa. Al\u00e9m dessas figuras not\u00e1veis, o evento contou tamb\u00e9m com a participa\u00e7\u00e3o do Diretor do Centro de Intend\u00eancia da Marinha em Rio Grande, Capit\u00e3o de Fragata Leonardo Zacher Castagnino, e do Comandante da Esta\u00e7\u00e3o Naval do Rio Grande, Capit\u00e3o de Fragata Marcio Henrique Sousa da Silva.<\/p>\n<p><strong>Mobiliza\u00e7\u00e3o Nacional e Ind\u00fastria: Uma Parceria Estrat\u00e9gica<\/strong><\/p>\n<p>A palestra destacou o funcionamento da Mobiliza\u00e7\u00e3o Nacional e o papel crucial da ind\u00fastria nesse processo, tanto no contexto nacional quanto regional, por meio da Mobiliza\u00e7\u00e3o Industrial. A iniciativa busca alavancar a Base Industrial de Defesa (BID), fortalecendo a capacidade produtiva nacional e, consequentemente, a soberania e seguran\u00e7a do pa\u00eds. A discuss\u00e3o sobre a Mobiliza\u00e7\u00e3o Industrial \u00e9 fundamental, pois destaca a import\u00e2ncia de uma ind\u00fastria forte e alinhada \u00e0s necessidades de defesa do pa\u00eds, promovendo inova\u00e7\u00e3o, desenvolvimento tecnol\u00f3gico e gera\u00e7\u00e3o de emprego.<\/p>\n<p><strong>Di\u00e1logo e Perspectivas Futuras<\/strong><\/p>\n<p>Ap\u00f3s a apresenta\u00e7\u00e3o, um momento foi dedicado a perguntas e debates, proporcionando uma oportunidade valiosa para os industriais ga\u00fachos expressarem suas ideias e preocupa\u00e7\u00f5es. Esse di\u00e1logo aberto entre os representantes da ind\u00fastria e os \u00f3rg\u00e3os de Defesa Nacional \u00e9 um passo significativo para estreitar os la\u00e7os e alinhar as vis\u00f5es e estrat\u00e9gias para o futuro. A troca de informa\u00e7\u00f5es e perspectivas \u00e9 um componente vital para a evolu\u00e7\u00e3o e fortalecimento dessa parceria estrat\u00e9gica, crucial para o desenvolvimento econ\u00f4mico e a seguran\u00e7a do Brasil.<\/p>\n<p>&nbsp;<\/p>\n<p>Fonte: Defesa em Foco<\/p>\n","protected":false},"excerpt":{"rendered":"<p>A cidade de Porto Alegre foi palco de um importante evento que refor\u00e7a a conex\u00e3o entre as for\u00e7as armadas e o setor industrial, essencial para&#8230;<\/p>\n","protected":false},"author":1527,"featured_media":49611,"comment_status":"closed","ping_status":"closed","sticky":false,"template":"","format":"standard","meta":{"footnotes":""},"categories":[6],"tags":[],"class_list":["post-49610","post","type-post","status-publish","format-standard","has-post-thumbnail","hentry","category-noticias"],"_links":{"self":[{"href":"https:\/\/www.sincomam.org.br\/index.php\/wp-json\/wp\/v2\/posts\/49610","targetHints":{"allow":["GET"]}}],"collection":[{"href":"https:\/\/www.sincomam.org.br\/index.php\/wp-json\/wp\/v2\/posts"}],"about":[{"href":"https:\/\/www.sincomam.org.br\/index.php\/wp-json\/wp\/v2\/types\/post"}],"author":[{"embeddable":true,"href":"https:\/\/www.sincomam.org.br\/index.php\/wp-json\/wp\/v2\/users\/1527"}],"replies":[{"embeddable":true,"href":"https:\/\/www.sincomam.org.br\/index.php\/wp-json\/wp\/v2\/comments?post=49610"}],"version-history":[{"count":1,"href":"https:\/\/www.sincomam.org.br\/index.php\/wp-json\/wp\/v2\/posts\/49610\/revisions"}],"predecessor-version":[{"id":49612,"href":"https:\/\/www.sincomam.org.br\/index.php\/wp-json\/wp\/v2\/posts\/49610\/revisions\/49612"}],"wp:featuredmedia":[{"embeddable":true,"href":"https:\/\/www.sincomam.org.br\/index.php\/wp-json\/wp\/v2\/media\/49611"}],"wp:attachment":[{"href":"https:\/\/www.sincomam.org.br\/index.php\/wp-json\/wp\/v2\/media?parent=49610"}],"wp:term":[{"taxonomy":"category","embeddable":true,"href":"https:\/\/www.sincomam.org.br\/index.php\/wp-json\/wp\/v2\/categories?post=49610"},{"taxonomy":"post_tag","embeddable":true,"href":"https:\/\/www.sincomam.org.br\/index.php\/wp-json\/wp\/v2\/tags?post=49610"}],"curies":[{"name":"wp","href":"https:\/\/api.w.org\/{rel}","templated":true}]}}