{"id":49604,"date":"2024-01-29T10:22:53","date_gmt":"2024-01-29T13:22:53","guid":{"rendered":"http:\/\/www.sincomam.org.br\/?p=49604"},"modified":"2024-01-29T10:22:53","modified_gmt":"2024-01-29T13:22:53","slug":"porto-e-aeroporto-de-joao-pessoa-pb-recebem-melhorias","status":"publish","type":"post","link":"https:\/\/www.sincomam.org.br\/index.php\/porto-e-aeroporto-de-joao-pessoa-pb-recebem-melhorias\/","title":{"rendered":"Porto e aeroporto de Jo\u00e3o Pessoa (PB) recebem melhorias"},"content":{"rendered":"<p>O Porto de Cabedelo inaugurou na na sexta-feira (26) obras de melhorias. O ministro de Portos e Aeroportos, Silvio Costa Filho, fez uma visita \u00e0s obras de requalifica\u00e7\u00e3o do porto e inaugurou o Truck Center, um p\u00e1tio de regula\u00e7\u00e3o de caminh\u00f5es com capacidade din\u00e2mica para 700 caminh\u00f5es e est\u00e1tica para 175 ve\u00edculos.<\/p>\n<p>O Truck Center \u00e9 uma demanda antiga dos usu\u00e1rios do Porto de Cabedelo, bem como de toda a comunidade portu\u00e1ria e est\u00e1 sendo executado pelo cons\u00f3rcio PB Truck Center, composto pelas empresas Maraj\u00f3 Log\u00edstica, Campinense Transportes e RL Constru\u00e7\u00f5es.<\/p>\n<p>\u201cEssa \u00e9, sem d\u00favidas, uma obra de grande import\u00e2ncia para o Porto de Cabedelo. Ela vai melhorar a gest\u00e3o do fluxo de caminh\u00f5es no porto, reduzir o impacto ambiental causado pelo estacionamento irregular de caminh\u00f5es nas vias do entorno e contribuir para a melhoria da qualidade de vida da popula\u00e7\u00e3o de Cabedelo\u201d, afirmou o diretor-presidente da Docas-PB, Ricardo Barbosa.<\/p>\n<p>A obra representa um investimento de R$ 16 milh\u00f5es. Tem 90 mil m\u00b2 de \u00e1rea, sendo 44 mil m\u00b2 de p\u00e1tio e ainda 19 mil m\u00b2 de \u00e1rea constru\u00edda.<\/p>\n<p>Em 2023, o porto da capital paraibana recebeu mais de R$ 200 milh\u00f5es em investimentos que v\u00e3o desde a requalifica\u00e7\u00e3o de toda a \u00e1rea prim\u00e1ria, reforma dos armaz\u00e9ns, melhorias para trabalhadores e dragagem, em vias de homologa\u00e7\u00e3o.<\/p>\n<p>Entre as obras, est\u00e3o a drenagem, pavimenta\u00e7\u00e3o, constru\u00e7\u00e3o de p\u00e1tio de cont\u00eaineres, reforma do audit\u00f3rio e o Porto Cidade, programa que busca promover a sa\u00fade e o bem-estar da popula\u00e7\u00e3o de Cabedelo por meio de consultas m\u00e9dicas e exames laboratoriais.<\/p>\n<p>Na solenidade de inaugura\u00e7\u00e3o do Truck Center, o ministro Silvio Costa Filho anunciou investimento de R$ 20 milh\u00f5es na obra de requalifica\u00e7\u00e3o do dique, que vai contribuir para a redu\u00e7\u00e3o da taxa de assoreamento do canal de acesso ao porto, possibilitando melhor aproveitamento dos investimentos em dragagem.<\/p>\n<p>&nbsp;<\/p>\n<p>Fonte: Portos e Navios<\/p>\n","protected":false},"excerpt":{"rendered":"<p>O Porto de Cabedelo inaugurou na na sexta-feira (26) obras de melhorias. O ministro de Portos e Aeroportos, Silvio Costa Filho, fez uma visita \u00e0s&#8230;<\/p>\n","protected":false},"author":1527,"featured_media":49605,"comment_status":"closed","ping_status":"closed","sticky":false,"template":"","format":"standard","meta":{"footnotes":""},"categories":[6],"tags":[],"class_list":["post-49604","post","type-post","status-publish","format-standard","has-post-thumbnail","hentry","category-noticias"],"_links":{"self":[{"href":"https:\/\/www.sincomam.org.br\/index.php\/wp-json\/wp\/v2\/posts\/49604","targetHints":{"allow":["GET"]}}],"collection":[{"href":"https:\/\/www.sincomam.org.br\/index.php\/wp-json\/wp\/v2\/posts"}],"about":[{"href":"https:\/\/www.sincomam.org.br\/index.php\/wp-json\/wp\/v2\/types\/post"}],"author":[{"embeddable":true,"href":"https:\/\/www.sincomam.org.br\/index.php\/wp-json\/wp\/v2\/users\/1527"}],"replies":[{"embeddable":true,"href":"https:\/\/www.sincomam.org.br\/index.php\/wp-json\/wp\/v2\/comments?post=49604"}],"version-history":[{"count":1,"href":"https:\/\/www.sincomam.org.br\/index.php\/wp-json\/wp\/v2\/posts\/49604\/revisions"}],"predecessor-version":[{"id":49606,"href":"https:\/\/www.sincomam.org.br\/index.php\/wp-json\/wp\/v2\/posts\/49604\/revisions\/49606"}],"wp:featuredmedia":[{"embeddable":true,"href":"https:\/\/www.sincomam.org.br\/index.php\/wp-json\/wp\/v2\/media\/49605"}],"wp:attachment":[{"href":"https:\/\/www.sincomam.org.br\/index.php\/wp-json\/wp\/v2\/media?parent=49604"}],"wp:term":[{"taxonomy":"category","embeddable":true,"href":"https:\/\/www.sincomam.org.br\/index.php\/wp-json\/wp\/v2\/categories?post=49604"},{"taxonomy":"post_tag","embeddable":true,"href":"https:\/\/www.sincomam.org.br\/index.php\/wp-json\/wp\/v2\/tags?post=49604"}],"curies":[{"name":"wp","href":"https:\/\/api.w.org\/{rel}","templated":true}]}}