{"id":49586,"date":"2024-01-26T12:14:16","date_gmt":"2024-01-26T15:14:16","guid":{"rendered":"http:\/\/www.sincomam.org.br\/?p=49586"},"modified":"2024-01-26T12:14:16","modified_gmt":"2024-01-26T15:14:16","slug":"marinha-do-brasil-abre-navios-da-esquadra-para-visitacao-publica-no-porto-de-salvador","status":"publish","type":"post","link":"https:\/\/www.sincomam.org.br\/index.php\/marinha-do-brasil-abre-navios-da-esquadra-para-visitacao-publica-no-porto-de-salvador\/","title":{"rendered":"Marinha do Brasil Abre Navios da Esquadra para Visita\u00e7\u00e3o P\u00fablica no Porto de Salvador"},"content":{"rendered":"<p>A Marinha do Brasil (MB) proporcionar\u00e1 uma oportunidade especial para o p\u00fablico no pr\u00f3ximo domingo, dia 28 de janeiro, das 9h \u00e0s 16h, no Porto de Salvador. O evento, que \u00e9 gratuito, permitir\u00e1 aos visitantes o acesso ao Terminal Mar\u00edtimo de Salvador Contermas, onde poder\u00e3o conhecer de perto tr\u00eas importantes navios da Esquadra brasileira.<\/p>\n<p><strong>Destaque para o Navio-Aer\u00f3dromo Multiprop\u00f3sito \u201cAtl\u00e2ntico\u201d<\/strong><\/p>\n<p>Entre os navios dispon\u00edveis para visita\u00e7\u00e3o, o destaque \u00e9 o Navio-Aer\u00f3dromo Multiprop\u00f3sito \u201cAtl\u00e2ntico\u201d (A-140), o Capit\u00e2nia da Esquadra brasileira e principal navio da MB. Al\u00e9m dele, as Fragatas \u201cLiberal\u201d (F43) e \u201cIndepend\u00eancia\u201d (F44), ambas sediadas na cidade do Rio de Janeiro (RJ), tamb\u00e9m estar\u00e3o abertas ao p\u00fablico.<\/p>\n<p><strong>Integra\u00e7\u00e3o com a Opera\u00e7\u00e3o \u201cAspirantex\u201d<\/strong><\/p>\n<p>A visita dos navios \u00e0 capital baiana faz parte da Opera\u00e7\u00e3o \u201cAspirantex\u201d, realizada pela Marinha do Brasil desde 11 de janeiro at\u00e9 2 de fevereiro. A Opera\u00e7\u00e3o abrange a \u00e1rea mar\u00edtima entre o Rio de Janeiro e Cear\u00e1, incluindo visitas aos portos de Fortaleza (CE), Natal (RN), Cabedelo (PB), Recife (PE), Macei\u00f3 (AL) e Salvador (BA).<\/p>\n<p><strong>Objetivos da Opera\u00e7\u00e3o \u201cAspirantex\u201d<\/strong><\/p>\n<p>A Opera\u00e7\u00e3o \u201cAspirantex\u201d \u00e9 dividida em fases de mar e de porto, com o objetivo de contribuir para o adestramento dos meios navais e aeronavais da Esquadra, al\u00e9m de familiarizar os Aspirantes da Escola Naval com a vida no mar. Durante a fase de mar, s\u00e3o realizados diversos exerc\u00edcios militares, enfatizando a presen\u00e7a naval nas \u00c1guas Jurisdicionais Brasileiras (AJB), conhecidas como Amaz\u00f4nia Azul.<\/p>\n<p><strong>Informa\u00e7\u00f5es do Evento de Visita\u00e7\u00e3o<\/strong><\/p>\n<ul>\n<li>Evento: Visita\u00e7\u00e3o p\u00fablica aos navios da Esquadra<\/li>\n<li>Data: 28 de janeiro de 2024 (domingo)<\/li>\n<li>Hor\u00e1rio: das 9h \u00e0s 16h<\/li>\n<li>Local: Porto de Salvador (entrada pela Contermas)<\/li>\n<\/ul>\n<p>Este evento oferece uma experi\u00eancia \u00fanica para conhecer de perto a estrutura e as funcionalidades de importantes navios da Marinha do Brasil, proporcionando um enriquecimento cultural e educacional para visitantes de todas as idades.<\/p>\n<p>&nbsp;<\/p>\n<p>Fonte: Defesa em Foco<\/p>\n","protected":false},"excerpt":{"rendered":"<p>A Marinha do Brasil (MB) proporcionar\u00e1 uma oportunidade especial para o p\u00fablico no pr\u00f3ximo domingo, dia 28 de janeiro, das 9h \u00e0s 16h, no Porto&#8230;<\/p>\n","protected":false},"author":1527,"featured_media":49587,"comment_status":"closed","ping_status":"closed","sticky":false,"template":"","format":"standard","meta":{"footnotes":""},"categories":[6],"tags":[],"class_list":["post-49586","post","type-post","status-publish","format-standard","has-post-thumbnail","hentry","category-noticias"],"_links":{"self":[{"href":"https:\/\/www.sincomam.org.br\/index.php\/wp-json\/wp\/v2\/posts\/49586","targetHints":{"allow":["GET"]}}],"collection":[{"href":"https:\/\/www.sincomam.org.br\/index.php\/wp-json\/wp\/v2\/posts"}],"about":[{"href":"https:\/\/www.sincomam.org.br\/index.php\/wp-json\/wp\/v2\/types\/post"}],"author":[{"embeddable":true,"href":"https:\/\/www.sincomam.org.br\/index.php\/wp-json\/wp\/v2\/users\/1527"}],"replies":[{"embeddable":true,"href":"https:\/\/www.sincomam.org.br\/index.php\/wp-json\/wp\/v2\/comments?post=49586"}],"version-history":[{"count":1,"href":"https:\/\/www.sincomam.org.br\/index.php\/wp-json\/wp\/v2\/posts\/49586\/revisions"}],"predecessor-version":[{"id":49588,"href":"https:\/\/www.sincomam.org.br\/index.php\/wp-json\/wp\/v2\/posts\/49586\/revisions\/49588"}],"wp:featuredmedia":[{"embeddable":true,"href":"https:\/\/www.sincomam.org.br\/index.php\/wp-json\/wp\/v2\/media\/49587"}],"wp:attachment":[{"href":"https:\/\/www.sincomam.org.br\/index.php\/wp-json\/wp\/v2\/media?parent=49586"}],"wp:term":[{"taxonomy":"category","embeddable":true,"href":"https:\/\/www.sincomam.org.br\/index.php\/wp-json\/wp\/v2\/categories?post=49586"},{"taxonomy":"post_tag","embeddable":true,"href":"https:\/\/www.sincomam.org.br\/index.php\/wp-json\/wp\/v2\/tags?post=49586"}],"curies":[{"name":"wp","href":"https:\/\/api.w.org\/{rel}","templated":true}]}}