{"id":49583,"date":"2024-01-26T12:12:10","date_gmt":"2024-01-26T15:12:10","guid":{"rendered":"http:\/\/www.sincomam.org.br\/?p=49583"},"modified":"2024-01-26T12:12:10","modified_gmt":"2024-01-26T15:12:10","slug":"recuperacao-do-conteiner-e-safra-recorde-elevam-movimentacao-no-porto-de-santos","status":"publish","type":"post","link":"https:\/\/www.sincomam.org.br\/index.php\/recuperacao-do-conteiner-e-safra-recorde-elevam-movimentacao-no-porto-de-santos\/","title":{"rendered":"Recupera\u00e7\u00e3o do cont\u00eainer e safra recorde elevam movimenta\u00e7\u00e3o no Porto de Santos"},"content":{"rendered":"<p>O m\u00eas de dezembro de 2023, no Porto de Santos, registrou a movimenta\u00e7\u00e3o, recorde para o m\u00eas, de 15,6 milh\u00f5es de toneladas de cargas, crescimento de 29,1% em rela\u00e7\u00e3o a dezembro de 2022. Com o resultado, o total desde janeiro foi de 173,3 milh\u00f5es, confirmando o recorde anual.<\/p>\n<p>\u201cO resultado de dezembro demonstra que h\u00e1 espa\u00e7o para crescimento da opera\u00e7\u00e3o no Porto de Santos que, com planejamento e organiza\u00e7\u00e3o, se mant\u00e9m como principal porto do pa\u00eds\u201d, declara o presidente da Autoridade Portu\u00e1ria de Santos (APS), Anderson Pomini. Os dados registrados pela APS apontam que a safra recorde gr\u00e3os e cana-de-a\u00e7\u00facar, juntamente com a recupera\u00e7\u00e3o da movimenta\u00e7\u00e3o de cont\u00eaineres no Porto de Santos foram decisivos para o crescimento.<\/p>\n<p>Em dezembro, os gran\u00e9is s\u00f3lidos movimentaram 2,4 milh\u00f5es de toneladas a mais do que em dezembro de 2022. Boa parte devido ao aumento na movimenta\u00e7\u00e3o de soja (+584 mil t, +428%) e a\u00e7\u00facar (+998 mil t, +70,5%).<\/p>\n<p>Na movimenta\u00e7\u00e3o de cont\u00eaineres, o crescimento no m\u00eas tamb\u00e9m \u00e9 expressivo. Em toneladas, foram 23,7% de aumento (total de 4,74 milh\u00f5es de toneladas) e 15,5% de aumento em TEU (medida padr\u00e3o equivalente a um cont\u00eainer de 20 p\u00e9s). A carga conteinerizada registrou queda no total do ano, mas vem se recuperando e em dezembro igualou ao movimento m\u00e1ximo dos \u00faltimos 3 anos.<\/p>\n<p><strong>Movimento acumulado<\/strong><\/p>\n<p>No ano, conforme projetado, o Porto de Santos marcou seu recorde hist\u00f3rico, com a movimenta\u00e7\u00e3o de 173,3 milh\u00f5es de toneladas, n\u00famero 6,7% maior que o de 2022 (quando foram 162,4 milh\u00f5es). Os embarques cresceram 9,6%, com o total de 130 milh\u00f5es, e os desembarques registraram queda de 1,2% (43,3 milh\u00f5es).<\/p>\n<p>Fonte: Portos e Navios<\/p>\n","protected":false},"excerpt":{"rendered":"<p>O m\u00eas de dezembro de 2023, no Porto de Santos, registrou a movimenta\u00e7\u00e3o, recorde para o m\u00eas, de 15,6 milh\u00f5es de toneladas de cargas, crescimento&#8230;<\/p>\n","protected":false},"author":1527,"featured_media":49584,"comment_status":"closed","ping_status":"closed","sticky":false,"template":"","format":"standard","meta":{"footnotes":""},"categories":[6],"tags":[],"class_list":["post-49583","post","type-post","status-publish","format-standard","has-post-thumbnail","hentry","category-noticias"],"_links":{"self":[{"href":"https:\/\/www.sincomam.org.br\/index.php\/wp-json\/wp\/v2\/posts\/49583","targetHints":{"allow":["GET"]}}],"collection":[{"href":"https:\/\/www.sincomam.org.br\/index.php\/wp-json\/wp\/v2\/posts"}],"about":[{"href":"https:\/\/www.sincomam.org.br\/index.php\/wp-json\/wp\/v2\/types\/post"}],"author":[{"embeddable":true,"href":"https:\/\/www.sincomam.org.br\/index.php\/wp-json\/wp\/v2\/users\/1527"}],"replies":[{"embeddable":true,"href":"https:\/\/www.sincomam.org.br\/index.php\/wp-json\/wp\/v2\/comments?post=49583"}],"version-history":[{"count":1,"href":"https:\/\/www.sincomam.org.br\/index.php\/wp-json\/wp\/v2\/posts\/49583\/revisions"}],"predecessor-version":[{"id":49585,"href":"https:\/\/www.sincomam.org.br\/index.php\/wp-json\/wp\/v2\/posts\/49583\/revisions\/49585"}],"wp:featuredmedia":[{"embeddable":true,"href":"https:\/\/www.sincomam.org.br\/index.php\/wp-json\/wp\/v2\/media\/49584"}],"wp:attachment":[{"href":"https:\/\/www.sincomam.org.br\/index.php\/wp-json\/wp\/v2\/media?parent=49583"}],"wp:term":[{"taxonomy":"category","embeddable":true,"href":"https:\/\/www.sincomam.org.br\/index.php\/wp-json\/wp\/v2\/categories?post=49583"},{"taxonomy":"post_tag","embeddable":true,"href":"https:\/\/www.sincomam.org.br\/index.php\/wp-json\/wp\/v2\/tags?post=49583"}],"curies":[{"name":"wp","href":"https:\/\/api.w.org\/{rel}","templated":true}]}}