{"id":49548,"date":"2024-01-24T12:30:28","date_gmt":"2024-01-24T15:30:28","guid":{"rendered":"http:\/\/www.sincomam.org.br\/?p=49548"},"modified":"2024-01-24T12:30:28","modified_gmt":"2024-01-24T15:30:28","slug":"encerrada-as-buscas-por-vitimas-do-naufragio-na-bahia","status":"publish","type":"post","link":"https:\/\/www.sincomam.org.br\/index.php\/encerrada-as-buscas-por-vitimas-do-naufragio-na-bahia\/","title":{"rendered":"Encerrada as buscas por v\u00edtimas do naufr\u00e1gio na Bahia"},"content":{"rendered":"<p>A Marinha informou na tarde desta ter\u00e7a-feira (23) que encerrou as buscas por sobreviventes do naufr\u00e1gio ocorrido na Ba\u00eda de Todos-os-Santos no \u00faltimo domingo (21). Na ocasi\u00e3o, a embarca\u00e7\u00e3o Gostos\u00e3o FF, que fazia transporte irregular de passageiros entre a Ilha de Maria Guarda e Madre de Deus, na regi\u00e3o metropolitana de Salvador, afundou. Foram oito mortes confirmadas.<img decoding=\"async\" src=\"https:\/\/agenciabrasil.ebc.com.br\/ebc.png?id=1577475&amp;o=node\" \/><img decoding=\"async\" src=\"https:\/\/agenciabrasil.ebc.com.br\/ebc.gif?id=1577475&amp;o=node\" \/><\/p>\n<p>Na manh\u00e3 de hoje\u00a0foram encontrados os \u00faltimos dois corpos, do total de oito pessoas apontadas como desaparecidas. A Marinha colocou 39 militares nos trabalhos de buscas. Tamb\u00e9m foram usados um Aviso de Patrulha e uma Lancha de Inspe\u00e7\u00e3o Naval Blindada do Grupamento de Patrulha Naval do Leste, tr\u00eas Lanchas de Inspe\u00e7\u00e3o Naval e uma Moto Aqu\u00e1tica da Capitania dos Portos da Bahia (CPBA).<\/p>\n<p>\u201cCabe informar, ainda, que foi instaurado um Inqu\u00e9rito sobre Acidentes e Fatos da Navega\u00e7\u00e3o (IAFN) para apurar as causas e circunst\u00e2ncias do acidente, com prazo de encerramento em at\u00e9 noventa dias. Conclu\u00eddo o procedimento e cumpridas as formalidades legais, os documentos ser\u00e3o encaminhados ao Tribunal Mar\u00edtimo\u201d, disse a Marinha, na nota que confirmou o fim das buscas. \u201cA Marinha lamenta o ocorrido e se solidariza com os familiares das v\u00edtimas\u201d, destacou a corpora\u00e7\u00e3o.<\/p>\n<p>O caso foi comentado pelo governador da Bahia, Jer\u00f4nimo Rodrigues, nas redes sociais. \u201cMeus sentimentos aos familiares das v\u00edtimas do acidente, envolvendo uma embarca\u00e7\u00e3o, no munic\u00edpio de Madre de Deus, na noite desse domingo. Seguimos aqui atuando, empenhados e esperan\u00e7osos em encontrar os desaparecidos\u201d, disse Rodrigues na rede X, antigo Twitter.<\/p>\n<p>O governador afirmou que n\u00e3o medir\u00e1 esfor\u00e7os para dar todo o apoio e suporte \u00e0s fam\u00edlias.<\/p>\n<p>Fonte: Ag\u00eancia Brasil<\/p>\n","protected":false},"excerpt":{"rendered":"<p>A Marinha informou na tarde desta ter\u00e7a-feira (23) que encerrou as buscas por sobreviventes do naufr\u00e1gio ocorrido na Ba\u00eda de Todos-os-Santos no \u00faltimo domingo (21)&#8230;.<\/p>\n","protected":false},"author":1527,"featured_media":49549,"comment_status":"closed","ping_status":"closed","sticky":false,"template":"","format":"standard","meta":{"footnotes":""},"categories":[6],"tags":[],"class_list":["post-49548","post","type-post","status-publish","format-standard","has-post-thumbnail","hentry","category-noticias"],"_links":{"self":[{"href":"https:\/\/www.sincomam.org.br\/index.php\/wp-json\/wp\/v2\/posts\/49548","targetHints":{"allow":["GET"]}}],"collection":[{"href":"https:\/\/www.sincomam.org.br\/index.php\/wp-json\/wp\/v2\/posts"}],"about":[{"href":"https:\/\/www.sincomam.org.br\/index.php\/wp-json\/wp\/v2\/types\/post"}],"author":[{"embeddable":true,"href":"https:\/\/www.sincomam.org.br\/index.php\/wp-json\/wp\/v2\/users\/1527"}],"replies":[{"embeddable":true,"href":"https:\/\/www.sincomam.org.br\/index.php\/wp-json\/wp\/v2\/comments?post=49548"}],"version-history":[{"count":1,"href":"https:\/\/www.sincomam.org.br\/index.php\/wp-json\/wp\/v2\/posts\/49548\/revisions"}],"predecessor-version":[{"id":49550,"href":"https:\/\/www.sincomam.org.br\/index.php\/wp-json\/wp\/v2\/posts\/49548\/revisions\/49550"}],"wp:featuredmedia":[{"embeddable":true,"href":"https:\/\/www.sincomam.org.br\/index.php\/wp-json\/wp\/v2\/media\/49549"}],"wp:attachment":[{"href":"https:\/\/www.sincomam.org.br\/index.php\/wp-json\/wp\/v2\/media?parent=49548"}],"wp:term":[{"taxonomy":"category","embeddable":true,"href":"https:\/\/www.sincomam.org.br\/index.php\/wp-json\/wp\/v2\/categories?post=49548"},{"taxonomy":"post_tag","embeddable":true,"href":"https:\/\/www.sincomam.org.br\/index.php\/wp-json\/wp\/v2\/tags?post=49548"}],"curies":[{"name":"wp","href":"https:\/\/api.w.org\/{rel}","templated":true}]}}