{"id":49539,"date":"2024-01-24T11:19:34","date_gmt":"2024-01-24T14:19:34","guid":{"rendered":"http:\/\/www.sincomam.org.br\/?p=49539"},"modified":"2024-01-24T11:19:34","modified_gmt":"2024-01-24T14:19:34","slug":"tj-rj-aceita-novo-pedido-de-recuperacao-judicial-da-osx","status":"publish","type":"post","link":"https:\/\/www.sincomam.org.br\/index.php\/tj-rj-aceita-novo-pedido-de-recuperacao-judicial-da-osx\/","title":{"rendered":"TJ-RJ aceita novo pedido de recupera\u00e7\u00e3o judicial da OSX"},"content":{"rendered":"<p>O juiz titular Luiz Alberto Carvalho Alves, da 3\u00aa Vara Empresarial do Tribunal de Justi\u00e7a Estado do Rio de Janeiro, aceitou, nesta ter\u00e7a-feira (23), o novo pedido de recupera\u00e7\u00e3o judicial da OSX Brasil. A empresa informou que recebeu a decis\u00e3o com otimismo e ressaltou que vem buscando alternativas para equalizar suas obriga\u00e7\u00f5es financeiras. Em nota, a OSX afirmou que entende que a recupera\u00e7\u00e3o judicial \u00e9 a medida mais adequada para dar continuidade ao seu processo de reestrutura\u00e7\u00e3o.<\/p>\n<p>A OSX acredita que a nova RJ vai permitir a continuidade do trabalho, o qual destacou j\u00e1 ter atra\u00eddo mais de R$ 2 bilh\u00f5es em novos contratos, al\u00e9m de R$ 600 milh\u00f5es em investimentos de infraestrutura na \u00e1rea \u2018OSX A\u00e7u\u2019, com gera\u00e7\u00e3o de 1.200 empregos desde que a nova administra\u00e7\u00e3o assumiu a companhia, em 2021. \u201cA OSX entende que o mercado encontra-se aquecido e em expans\u00e3o, contribuindo para melhores possibilidades de ganhos comerciais\u201d, avaliou a empresa no comunicado.<\/p>\n<p>De acordo com a empresa, o plano de recupera\u00e7\u00e3o judicial est\u00e1 embasado no desenvolvimento da OSX no complexo industrial e portu\u00e1rio do A\u00e7u, no norte fluminense, bem como nas mudan\u00e7as promovidas pela atual gest\u00e3o a fim de promover novas oportunidades comerciais, como a celebra\u00e7\u00e3o de novos contratos com o grupo OSX.<\/p>\n<p>\u201cO grupo OSX n\u00e3o apenas possui condi\u00e7\u00f5es de superar os desafios atuais, mas tamb\u00e9m est\u00e1 preparado para emergir de um processo de recupera\u00e7\u00e3o judicial, revitalizado e fortalecido, com total confian\u00e7a em sua capacidade operacional e comercial para seguir com um plano que lhe permita restabelecer, de forma organizada, seu equil\u00edbrio econ\u00f4mico-financeiro, em benef\u00edcio da pr\u00f3pria companhia, seus acionistas, colaboradores, credores e stakeholders\u201d, garantiu a OSX em seu informe.<\/p>\n<p>&nbsp;<\/p>\n<p>Fonte: Portos e Navios<\/p>\n","protected":false},"excerpt":{"rendered":"<p>O juiz titular Luiz Alberto Carvalho Alves, da 3\u00aa Vara Empresarial do Tribunal de Justi\u00e7a Estado do Rio de Janeiro, aceitou, nesta ter\u00e7a-feira (23), o&#8230;<\/p>\n","protected":false},"author":1527,"featured_media":49540,"comment_status":"closed","ping_status":"closed","sticky":false,"template":"","format":"standard","meta":{"footnotes":""},"categories":[6],"tags":[],"class_list":["post-49539","post","type-post","status-publish","format-standard","has-post-thumbnail","hentry","category-noticias"],"_links":{"self":[{"href":"https:\/\/www.sincomam.org.br\/index.php\/wp-json\/wp\/v2\/posts\/49539","targetHints":{"allow":["GET"]}}],"collection":[{"href":"https:\/\/www.sincomam.org.br\/index.php\/wp-json\/wp\/v2\/posts"}],"about":[{"href":"https:\/\/www.sincomam.org.br\/index.php\/wp-json\/wp\/v2\/types\/post"}],"author":[{"embeddable":true,"href":"https:\/\/www.sincomam.org.br\/index.php\/wp-json\/wp\/v2\/users\/1527"}],"replies":[{"embeddable":true,"href":"https:\/\/www.sincomam.org.br\/index.php\/wp-json\/wp\/v2\/comments?post=49539"}],"version-history":[{"count":1,"href":"https:\/\/www.sincomam.org.br\/index.php\/wp-json\/wp\/v2\/posts\/49539\/revisions"}],"predecessor-version":[{"id":49541,"href":"https:\/\/www.sincomam.org.br\/index.php\/wp-json\/wp\/v2\/posts\/49539\/revisions\/49541"}],"wp:featuredmedia":[{"embeddable":true,"href":"https:\/\/www.sincomam.org.br\/index.php\/wp-json\/wp\/v2\/media\/49540"}],"wp:attachment":[{"href":"https:\/\/www.sincomam.org.br\/index.php\/wp-json\/wp\/v2\/media?parent=49539"}],"wp:term":[{"taxonomy":"category","embeddable":true,"href":"https:\/\/www.sincomam.org.br\/index.php\/wp-json\/wp\/v2\/categories?post=49539"},{"taxonomy":"post_tag","embeddable":true,"href":"https:\/\/www.sincomam.org.br\/index.php\/wp-json\/wp\/v2\/tags?post=49539"}],"curies":[{"name":"wp","href":"https:\/\/api.w.org\/{rel}","templated":true}]}}