{"id":49520,"date":"2024-01-23T12:28:49","date_gmt":"2024-01-23T15:28:49","guid":{"rendered":"http:\/\/www.sincomam.org.br\/?p=49520"},"modified":"2024-01-23T12:28:49","modified_gmt":"2024-01-23T15:28:49","slug":"sobe-para-oito-o-numero-de-mortos-em-naufragio-na-bahia","status":"publish","type":"post","link":"https:\/\/www.sincomam.org.br\/index.php\/sobe-para-oito-o-numero-de-mortos-em-naufragio-na-bahia\/","title":{"rendered":"Sobe para oito o n\u00famero de mortos em naufr\u00e1gio na Bahia"},"content":{"rendered":"<p>Foram encontrados, na manh\u00e3 desta ter\u00e7a-feira (23), os corpos de mais duas v\u00edtimas do\u00a0naufr\u00e1gio de uma embarca\u00e7\u00e3o\u00a0que afundou durante uma travessia entre a Ilha de Maria Guarda e Madre de Deus, na Ba\u00eda de Todos-os-Santos, na noite do \u00faltimo domingo (21). Com eles, sobe para oito o n\u00famero de mortes no acidente.<\/p>\n<p>Ontem (22), seis mortes j\u00e1 haviam sido confirmadas. As equipes da Marinha do Brasil, do Corpo de Bombeiros e da Pol\u00edcia Militar da Bahia retomaram as buscas \u00e0s 5h da manh\u00e3 e localizaram os corpos por volta das 6h30.<\/p>\n<p>Os corpos eram de uma crian\u00e7a e de um homem adultos. As identidades destas v\u00edtimas n\u00e3o foram divulgadas pelas autoridades.<\/p>\n<p>Segundo informa\u00e7\u00f5es da Marinha, os corpos seriam das duas pessoas que ainda estavam desaparecidas ap\u00f3s o naufr\u00e1gio. Por\u00e9m, os Bombeiros disseram que permanecer\u00e3o no local at\u00e9 a confirma\u00e7\u00e3o da identifica\u00e7\u00e3o das v\u00edtimas, e s\u00f3 encerrar\u00e3o as buscas ap\u00f3s isso.<\/p>\n<p>Com isso, subiu para oito o n\u00famero de mortos no acidente:<\/p>\n<ul>\n<li>Ryan Kevellyn de Souza Santos, de 22 anos<\/li>\n<li>Flaviane Jesus dos Santos, de 29 anos<\/li>\n<li>Jonathan Miguel de Jesus Santos, de 7 anos<\/li>\n<li>Caroline Barbosa de Souza, de 17 anos<\/li>\n<li>Rosimeire Maria Souza Santana, de 59 anos<\/li>\n<li>Mulher adulta, sem identifica\u00e7\u00e3o<\/li>\n<li>Crian\u00e7a, sem identifica\u00e7\u00e3o<\/li>\n<li>Homem adulto, sem identifica\u00e7\u00e3o<\/li>\n<\/ul>\n<p>Segundo a Marinha, o barco fazia o\u00a0transporte irregular\u00a0de passageiros quando naufragou. Entre as irregularidades, a embarca\u00e7\u00e3o, denominada \u201cGostos\u00e3o FF\u201d, estava inscrita na classe \u201csaveiro\u201d, de emprego exclusivo na atividade de esporte e recreio e de forma alguma poderia ser usada para fins comerciais.<\/p>\n<p>Al\u00e9m disso, a capacidade m\u00e1xima de lota\u00e7\u00e3o, que \u00e9 de 10 passageiros mais um tripulante, n\u00e3o teria sido respeitada. \u201cTestemunhas j\u00e1 relataram 25, e outras 19 ocupantes, e somente ap\u00f3s conclus\u00e3o do inqu\u00e9rito para saber quantas pessoas de fato estavam a bordo\u201d, afirmou em coletiva o capit\u00e3o de Mar e Guerra da Marinha, Wellington Lemos Gagno.<\/p>\n<p>Uma outra suspeita \u00e9 de que uma briga dentro do barco tamb\u00e9m tenha colaborado para o desequil\u00edbrio e acidente na embarca\u00e7\u00e3o.<\/p>\n<p>A Marinha instaurou um Inqu\u00e9rito sobre Acidentes e Fatos da Navega\u00e7\u00e3o (IAFN) para apurar as causas e circunst\u00e2ncias do acidente.<\/p>\n<p>A Pol\u00edcia Civil tamb\u00e9m investiga o caso e informou que busca imagens de c\u00e2meras e j\u00e1 identificou o condutor da embarca\u00e7\u00e3o, que ser\u00e1 ouvido, assim como testemunhas do ocorrido.<\/p>\n<p>&nbsp;<\/p>\n<p>Fonte: CNN<\/p>\n<aside class=\"read__too\">\n<div class=\"read__title\">\n<p>&nbsp;<\/p>\n<\/div>\n<\/aside>\n","protected":false},"excerpt":{"rendered":"<p>Foram encontrados, na manh\u00e3 desta ter\u00e7a-feira (23), os corpos de mais duas v\u00edtimas do\u00a0naufr\u00e1gio de uma embarca\u00e7\u00e3o\u00a0que afundou durante uma travessia entre a Ilha de&#8230;<\/p>\n","protected":false},"author":1527,"featured_media":49521,"comment_status":"closed","ping_status":"closed","sticky":false,"template":"","format":"standard","meta":{"footnotes":""},"categories":[6],"tags":[],"class_list":["post-49520","post","type-post","status-publish","format-standard","has-post-thumbnail","hentry","category-noticias"],"_links":{"self":[{"href":"https:\/\/www.sincomam.org.br\/index.php\/wp-json\/wp\/v2\/posts\/49520","targetHints":{"allow":["GET"]}}],"collection":[{"href":"https:\/\/www.sincomam.org.br\/index.php\/wp-json\/wp\/v2\/posts"}],"about":[{"href":"https:\/\/www.sincomam.org.br\/index.php\/wp-json\/wp\/v2\/types\/post"}],"author":[{"embeddable":true,"href":"https:\/\/www.sincomam.org.br\/index.php\/wp-json\/wp\/v2\/users\/1527"}],"replies":[{"embeddable":true,"href":"https:\/\/www.sincomam.org.br\/index.php\/wp-json\/wp\/v2\/comments?post=49520"}],"version-history":[{"count":2,"href":"https:\/\/www.sincomam.org.br\/index.php\/wp-json\/wp\/v2\/posts\/49520\/revisions"}],"predecessor-version":[{"id":49523,"href":"https:\/\/www.sincomam.org.br\/index.php\/wp-json\/wp\/v2\/posts\/49520\/revisions\/49523"}],"wp:featuredmedia":[{"embeddable":true,"href":"https:\/\/www.sincomam.org.br\/index.php\/wp-json\/wp\/v2\/media\/49521"}],"wp:attachment":[{"href":"https:\/\/www.sincomam.org.br\/index.php\/wp-json\/wp\/v2\/media?parent=49520"}],"wp:term":[{"taxonomy":"category","embeddable":true,"href":"https:\/\/www.sincomam.org.br\/index.php\/wp-json\/wp\/v2\/categories?post=49520"},{"taxonomy":"post_tag","embeddable":true,"href":"https:\/\/www.sincomam.org.br\/index.php\/wp-json\/wp\/v2\/tags?post=49520"}],"curies":[{"name":"wp","href":"https:\/\/api.w.org\/{rel}","templated":true}]}}